{"id":6067,"date":"2017-09-12T11:45:22","date_gmt":"2017-09-12T14:45:22","guid":{"rendered":"https:\/\/blogs.correiobraziliense.com.br\/vicente\/?p=6067"},"modified":"2017-09-12T14:47:15","modified_gmt":"2017-09-12T17:47:15","slug":"para-doria-petrobras-deve-ser-privatizada-e-bb-e-caixa-fundidos","status":"publish","type":"post","link":"https:\/\/blogs.correiobraziliense.com.br\/vicente\/para-doria-petrobras-deve-ser-privatizada-e-bb-e-caixa-fundidos\/","title":{"rendered":"Para Doria, Petrobras deve ser privatizada e BB e Caixa, fundidos"},"content":{"rendered":"<h2>Na tentativa de manter um discurso em defesa de um Estado mais enxuto e menos corrupto, o prefeito de S\u00e3o Paulo, Jo\u00e3o Doria (PSDB), decidiu comprar briga com os funcion\u00e1rios de estatais, mais precisamente, da Petrobras, do Banco do Brasil e da Caixa Econ\u00f4mica Federal.<\/h2>\n<p>&nbsp;<\/p>\n<p>Em evento com empres\u00e1rios do setor de infraestrutura, em S\u00e3o Paulo, Doria defendeu a privatiza\u00e7\u00e3o da Petrobras, que foi alvo do maior esquema de corrup\u00e7\u00e3o da hist\u00f3ria, e a fus\u00e3o do Banco do Brasil com a Caixa Econ\u00f4mica Federal, projeto que chegou a ser cogitado no governo de Fernando Henrique Cardoso.<\/p>\n<p>&nbsp;<\/p>\n<p>Para ele, o excesso de estatais abre espa\u00e7o para &#8220;tantos\u00a0bra\u00e7os e tent\u00e1culos&#8221;, o que dificulta o controle e a efici\u00eancia. &#8220;Eu defendo uma privatiza\u00e7\u00e3o gradual da Petrobras para que n\u00e3o haja preju\u00edzo para seu corpo funcional, que \u00e9 muito bom e s\u00e9rio. A Petrobras foi muito afetada pelo assalto do PT ao longo de 13 anos, mas \u00e9 uma institui\u00e7\u00e3o de valor e pode, gradualmente, caminhar para sua privatiza\u00e7\u00e3o sem preju\u00edzo funcional, humano ou estrat\u00e9gico para o Brasil&#8221;, afirmou o prefeito, candidat\u00edssimo \u00e0 Presid\u00eancia da Rep\u00fablica.<\/p>\n<p>&nbsp;<\/p>\n<p>Sobre a fus\u00e3o do BB com a Caixa, Doria disse n\u00e3o ver raz\u00e3o para o Brasil ter dois bancos p\u00fablicos atuando nos mesmos segmentos. Para ele, o melhor caminho, nesse caso, n\u00e3o \u00e9 a privatiza\u00e7\u00e3o, mas a jun\u00e7\u00e3o das estruturas. BB e Caixa passariam a ser uma \u00fanica institui\u00e7\u00e3o p\u00fablica, permitindo maior controle sobre ela. Ele reconheceu, por\u00e9m, que a fus\u00e3o do BB com a Caixa teria que ser embasada em um estudo t\u00e9cnico. &#8220;N\u00e3o pode ser feita de sopet\u00e3o. Deve-se respeitar as duas institui\u00e7\u00f5es, avaliar a hip\u00f3tese de uma fus\u00e3o, sem gerar desempregos&#8221;, frisou.<\/p>\n<p>&nbsp;<\/p>\n<p>Na avalia\u00e7\u00e3o de Doria \u00e9 poss\u00edvel formar um banco de alt\u00edssima competitividade e extrema compet\u00eancia, al\u00e9m de evitar a sobreposi\u00e7\u00e3o e o uso pol\u00edtico tamb\u00e9m. &#8220;Nas dela\u00e7\u00f5es da Lava-Jato, sobretudo a Caixa Econ\u00f4mica Federal, houve o uso de vice-presid\u00eancias e diretorias para fins pol\u00edticos. A institui\u00e7\u00e3o financeira tem que estar longe de qualquer influ\u00eancia desse tipo&#8221;, assinalou.<\/p>\n<p>&nbsp;<\/p>\n<p><em>Bras\u00edlia, 11h45min<\/em><\/p>\n","protected":false},"excerpt":{"rendered":"<p>Na tentativa de manter um discurso em defesa de um Estado mais enxuto e menos corrupto, o prefeito de S\u00e3o Paulo, Jo\u00e3o Doria (PSDB), decidiu comprar briga com os funcion\u00e1rios de estatais, mais precisamente, da Petrobras, do Banco do Brasil e da Caixa Econ\u00f4mica Federal. &nbsp; Em evento com empres\u00e1rios do setor de infraestrutura, em [&hellip;]<\/p>\n","protected":false},"author":22,"featured_media":0,"comment_status":"open","ping_status":"closed","sticky":false,"template":"","format":"standard","meta":{"footnotes":""},"categories":[600],"tags":[],"class_list":["post-6067","post","type-post","status-publish","format-standard","hentry","category-economia"],"_links":{"self":[{"href":"https:\/\/blogs.correiobraziliense.com.br\/vicente\/wp-json\/wp\/v2\/posts\/6067","targetHints":{"allow":["GET"]}}],"collection":[{"href":"https:\/\/blogs.correiobraziliense.com.br\/vicente\/wp-json\/wp\/v2\/posts"}],"about":[{"href":"https:\/\/blogs.correiobraziliense.com.br\/vicente\/wp-json\/wp\/v2\/types\/post"}],"author":[{"embeddable":true,"href":"https:\/\/blogs.correiobraziliense.com.br\/vicente\/wp-json\/wp\/v2\/users\/22"}],"replies":[{"embeddable":true,"href":"https:\/\/blogs.correiobraziliense.com.br\/vicente\/wp-json\/wp\/v2\/comments?post=6067"}],"version-history":[{"count":3,"href":"https:\/\/blogs.correiobraziliense.com.br\/vicente\/wp-json\/wp\/v2\/posts\/6067\/revisions"}],"predecessor-version":[{"id":6070,"href":"https:\/\/blogs.correiobraziliense.com.br\/vicente\/wp-json\/wp\/v2\/posts\/6067\/revisions\/6070"}],"wp:attachment":[{"href":"https:\/\/blogs.correiobraziliense.com.br\/vicente\/wp-json\/wp\/v2\/media?parent=6067"}],"wp:term":[{"taxonomy":"category","embeddable":true,"href":"https:\/\/blogs.correiobraziliense.com.br\/vicente\/wp-json\/wp\/v2\/categories?post=6067"},{"taxonomy":"post_tag","embeddable":true,"href":"https:\/\/blogs.correiobraziliense.com.br\/vicente\/wp-json\/wp\/v2\/tags?post=6067"}],"curies":[{"name":"wp","href":"https:\/\/api.w.org\/{rel}","templated":true}]}}