{"id":6065,"date":"2017-09-12T11:35:52","date_gmt":"2017-09-12T14:35:52","guid":{"rendered":"https:\/\/blogs.correiobraziliense.com.br\/vicente\/?p=6065"},"modified":"2017-09-12T11:35:52","modified_gmt":"2017-09-12T14:35:52","slug":"ate-onde-vai-forca-de-temer-para-aprovar-reforma-da-previdencia","status":"publish","type":"post","link":"https:\/\/blogs.correiobraziliense.com.br\/vicente\/ate-onde-vai-forca-de-temer-para-aprovar-reforma-da-previdencia\/","title":{"rendered":"At\u00e9 onde vai a for\u00e7a de Temer para aprovar a reforma da Previd\u00eancia"},"content":{"rendered":"<h2>O Pal\u00e1cio do Planalto j\u00e1 come\u00e7ou a contar votos na C\u00e2mara dos Deputados para ver as reais chances de aprova\u00e7\u00e3o da reforma da Previd\u00eancia Social. O governo s\u00f3 ir\u00e1 para o ataque se estiver seguro da vit\u00f3ria. No melhor momento da administra\u00e7\u00e3o de Michel Temer, antes da dela\u00e7\u00e3o de Joesley Batista, chegou-se a contabilizar 280 votos pr\u00f3-reforma.<\/h2>\n<p>&nbsp;<\/p>\n<p><strong>Discurso terrorista<\/strong><\/p>\n<p>&nbsp;<\/p>\n<p>A orienta\u00e7\u00e3o entre integrantes da equipe econ\u00f4mica \u00e9 difundir um discurso \u201cterrorista\u201d sobre a situa\u00e7\u00e3o da Previd\u00eancia. O coro, encabe\u00e7ado pelo ministro do Planejamento, Dyogo Oliveira, diz que est\u00e1 acabando o dinheiro para pagar aposentadorias e pens\u00e3o.<\/p>\n<p>&nbsp;<\/p>\n","protected":false},"excerpt":{"rendered":"<p>O Pal\u00e1cio do Planalto j\u00e1 come\u00e7ou a contar votos na C\u00e2mara dos Deputados para ver as reais chances de aprova\u00e7\u00e3o da reforma da Previd\u00eancia Social. O governo s\u00f3 ir\u00e1 para o ataque se estiver seguro da vit\u00f3ria. No melhor momento da administra\u00e7\u00e3o de Michel Temer, antes da dela\u00e7\u00e3o de Joesley Batista, chegou-se a contabilizar 280 [&hellip;]<\/p>\n","protected":false},"author":22,"featured_media":0,"comment_status":"open","ping_status":"closed","sticky":false,"template":"","format":"standard","meta":{"footnotes":""},"categories":[600],"tags":[2348,254,2322,2405,429,614,125],"class_list":["post-6065","post","type-post","status-publish","format-standard","hentry","category-economia","tag-batista","tag-congresso","tag-joesley","tag-michel","tag-previdencia","tag-reforma","tag-temer"],"_links":{"self":[{"href":"https:\/\/blogs.correiobraziliense.com.br\/vicente\/wp-json\/wp\/v2\/posts\/6065","targetHints":{"allow":["GET"]}}],"collection":[{"href":"https:\/\/blogs.correiobraziliense.com.br\/vicente\/wp-json\/wp\/v2\/posts"}],"about":[{"href":"https:\/\/blogs.correiobraziliense.com.br\/vicente\/wp-json\/wp\/v2\/types\/post"}],"author":[{"embeddable":true,"href":"https:\/\/blogs.correiobraziliense.com.br\/vicente\/wp-json\/wp\/v2\/users\/22"}],"replies":[{"embeddable":true,"href":"https:\/\/blogs.correiobraziliense.com.br\/vicente\/wp-json\/wp\/v2\/comments?post=6065"}],"version-history":[{"count":1,"href":"https:\/\/blogs.correiobraziliense.com.br\/vicente\/wp-json\/wp\/v2\/posts\/6065\/revisions"}],"predecessor-version":[{"id":6066,"href":"https:\/\/blogs.correiobraziliense.com.br\/vicente\/wp-json\/wp\/v2\/posts\/6065\/revisions\/6066"}],"wp:attachment":[{"href":"https:\/\/blogs.correiobraziliense.com.br\/vicente\/wp-json\/wp\/v2\/media?parent=6065"}],"wp:term":[{"taxonomy":"category","embeddable":true,"href":"https:\/\/blogs.correiobraziliense.com.br\/vicente\/wp-json\/wp\/v2\/categories?post=6065"},{"taxonomy":"post_tag","embeddable":true,"href":"https:\/\/blogs.correiobraziliense.com.br\/vicente\/wp-json\/wp\/v2\/tags?post=6065"}],"curies":[{"name":"wp","href":"https:\/\/api.w.org\/{rel}","templated":true}]}}