{"id":6051,"date":"2017-09-07T08:59:13","date_gmt":"2017-09-07T11:59:13","guid":{"rendered":"https:\/\/blogs.correiobraziliense.com.br\/vicente\/?p=6051"},"modified":"2017-09-07T12:09:49","modified_gmt":"2017-09-07T15:09:49","slug":"coluna-no-correio-um-basta-roubalheira","status":"publish","type":"post","link":"https:\/\/blogs.correiobraziliense.com.br\/vicente\/coluna-no-correio-um-basta-roubalheira\/","title":{"rendered":"Coluna no Correio: Um basta \u00e0 roubalheira!"},"content":{"rendered":"<h2>As revela\u00e7\u00f5es feitas por Antonio Palocci, ex-ministro dos governos Lula e Dilma Rousseff, s\u00e3o devastadoras para o PT. N\u00e3o s\u00f3 enterram o discurso vitimizado do partido, como implode as bases da sonhada candidatura do ex-presidente ao Pal\u00e1cio do Planalto. N\u00e3o foi um mero integrante do partido que confirmou a organiza\u00e7\u00e3o criminosa montada dentro dos governos petistas. Palocci era um dos homens mais fortes do PT e muito pr\u00f3ximo de Lula e Dilma. Nada era decidido na c\u00fapula da legenda sem que o ex-ministro fosse consultado.<\/h2>\n<p>&nbsp;<\/p>\n<p>Os defensores do PT \u2014 muitos pagos com dinheiro oriundo da corrup\u00e7\u00e3o \u2014 certamente v\u00e3o espernear e gritar contra as declara\u00e7\u00f5es de Palocci, mas os argumentos ser\u00e3o esvaziados pela verdade. Al\u00e9m da roubalheira que devastou a Petrobras e outras estatais, os governos petistas quebraram o pa\u00eds. A recess\u00e3o provocada por Dilma levou mais de 14 milh\u00f5es de pessoas ao desemprego. Foram mais de dois anos de retra\u00e7\u00e3o profunda da atividade. Felizmente, esse pesadelo est\u00e1 chegando ao fim.<\/p>\n<p>&nbsp;<\/p>\n<p>Resta torcer para que a Justi\u00e7a seja implac\u00e1vel n\u00e3o s\u00f3 com Lula, que, nas palavras de Palocci, tinha um pacto de sangue com a construtora Odebrecht, mas com todos aqueles que saquearam o pa\u00eds. Isso vale para pol\u00edticos e empres\u00e1rios, sobretudo os irm\u00e3os Joesley e Wesley Batista, do grupo JBS. N\u00e3o \u00e9 poss\u00edvel que, depois de tudo o que se descobriu em rela\u00e7\u00e3o a eles, fiquem usufruindo de uma vida nababesca, enquanto a maior parte dos brasileiros paga a conta da corrup\u00e7\u00e3o, sustentando um Estado loteado entre pequenos grupos. A puni\u00e7\u00e3o exemplar n\u00e3o pode ter colora\u00e7\u00e3o pol\u00edtica.<\/p>\n<p>&nbsp;<\/p>\n<p>Os \u00faltimos dias mostraram que a desfa\u00e7atez dos que roubam dinheiro p\u00fablico passou dos limites. As imagens dos R$ 51 milh\u00f5es encontrados em um apartamento usado por Geddel Vieira Lima, ex-ministro de Lula e de Michel Temer e vice-presidente da Caixa Economia Federal na gest\u00e3o de Dilma, s\u00e3o assustadoras. Explicitam o tamanho da gan\u00e2ncia daqueles que deveriam zelar pelo patrim\u00f4nio da Uni\u00e3o. O Brasil fechar\u00e1 este ano com R$ 159 bilh\u00f5es de rombo em suas contas. Esse buraco se repetir\u00e1 em 2018. N\u00e3o h\u00e1 dinheiro para a sa\u00fade, para a edu\u00e7\u00e3o, para a seguran\u00e7a p\u00fablica.<\/p>\n<p>&nbsp;<\/p>\n<p><strong>Hora da virada<\/strong><\/p>\n<p>&nbsp;<\/p>\n<p>Tudo o que se espera \u00e9 que esse filme de terror d\u00ea uma tr\u00e9gua. O pa\u00eds precisa sair desse clima de estupefa\u00e7\u00e3o, que s\u00f3 agrava a crise pol\u00edtica, para voltar a produzir, criando empregos e ampliando a renda. N\u00e3o fossem os sobressaltados provocados a cada instante, a economia estaria hoje surfando numa onda de crescimento que, certamente, teria derrubado o desemprego mais rapidamente e reduzido o desencanto que aflige a popula\u00e7\u00e3o. Os indicadores divulgados nos \u00faltimos dias mostram a atividade ganhando corpo, mas est\u00e3o longe de provocar uma onda consistente de otimismo.<\/p>\n<p>&nbsp;<\/p>\n<p>A maior parte dos analistas revisou as proje\u00e7\u00f5es de expans\u00e3o para o Produto Interno Bruto (PIB) neste ano e em 2018. As apostas caminham, agora, para crescimento entre 0,7% e 1% em 2017 e de at\u00e9 3,4% no ano que vem. O ministro da Fazenda, Henrique Meirelles, admite que o governo tamb\u00e9m pode rever sua estimativa de incremento para 2017, de 0,5% para 1%. Isso exige, por\u00e9m, que o pa\u00eds volte \u00e0 normalidade. Empres\u00e1rios e consumidores precisam ter confian\u00e7a no futuro. S\u00f3 isso far\u00e1 com que os investimentos t\u00e3o necess\u00e1rios para sustentar o PIB saiam das gavetas.<\/p>\n<p>&nbsp;<\/p>\n<p>A infla\u00e7\u00e3o, que chegou a quase 11% em 2015, encerrou os 12 meses terminados em agosto em 2,46%, abaixo dos 3% fixados como piso da meta perseguida pelo Banco Central. No acumulado deste ano, o \u00cdndice de Pre\u00e7os ao Consumidor Amplo (IPCA) cravou apenas 1,62%, o n\u00edvel mais baixo para o per\u00edodo desde 1994, quando foi editado o Plano Real. Sem qualquer press\u00e3o sobre os pre\u00e7os, o Banco Central cortou ontem a taxa b\u00e1sica de juros (Selic) para 8,25% ao ano, patamar sem precedentes desde maio de 2013. H\u00e1 quem acredite que a Selic poder\u00e1 cair para at\u00e9 6,5% no in\u00edcio de 2018.<\/p>\n<p>&nbsp;<\/p>\n<p>Os especialistas creem que, gradualmente, a economia conseguir\u00e1 tirar proveito da infla\u00e7\u00e3o e dos juros em baixa. Contudo, \u00e9 preciso que a pol\u00edtica tamb\u00e9m ajude. Os desmandos j\u00e1 impuseram um custo demasiadamente alto \u00e0 sociedade. Se for preciso ir \u00e0s ruas para cobrar as pris\u00f5es dos saqueadores da na\u00e7\u00e3o, que ningu\u00e9m se intimide. Hoje, Dia da Independ\u00eancia, \u00e9 um momento importante para reflex\u00e3o. Daqui a um ano, todos estar\u00e3o indo \u00e0s urnas. Ser\u00e1 a hora de varrer todos os ladr\u00f5es da vida p\u00fablica. E exigir que passem um bom tempo do que lhes resta de vida atr\u00e1s das grades.<\/p>\n<p>&nbsp;<\/p>\n<p><em>Bras\u00edlia, 08h59min<\/em><\/p>\n","protected":false},"excerpt":{"rendered":"<p>As revela\u00e7\u00f5es feitas por Antonio Palocci, ex-ministro dos governos Lula e Dilma Rousseff, s\u00e3o devastadoras para o PT. N\u00e3o s\u00f3 enterram o discurso vitimizado do partido, como implode as bases da sonhada candidatura do ex-presidente ao Pal\u00e1cio do Planalto. N\u00e3o foi um mero integrante do partido que confirmou a organiza\u00e7\u00e3o criminosa montada dentro dos governos [&hellip;]<\/p>\n","protected":false},"author":22,"featured_media":0,"comment_status":"open","ping_status":"closed","sticky":false,"template":"","format":"standard","meta":{"footnotes":""},"categories":[600],"tags":[2716,255,2403,14,4,23,1613,2717,58,478,2404],"class_list":["post-6051","post","type-post","status-publish","format-standard","hentry","category-economia","tag-antonio","tag-corrupcao","tag-dilma","tag-inflacao","tag-juros","tag-lula","tag-odebrecht","tag-palocci","tag-pib","tag-propina","tag-rousseff"],"_links":{"self":[{"href":"https:\/\/blogs.correiobraziliense.com.br\/vicente\/wp-json\/wp\/v2\/posts\/6051","targetHints":{"allow":["GET"]}}],"collection":[{"href":"https:\/\/blogs.correiobraziliense.com.br\/vicente\/wp-json\/wp\/v2\/posts"}],"about":[{"href":"https:\/\/blogs.correiobraziliense.com.br\/vicente\/wp-json\/wp\/v2\/types\/post"}],"author":[{"embeddable":true,"href":"https:\/\/blogs.correiobraziliense.com.br\/vicente\/wp-json\/wp\/v2\/users\/22"}],"replies":[{"embeddable":true,"href":"https:\/\/blogs.correiobraziliense.com.br\/vicente\/wp-json\/wp\/v2\/comments?post=6051"}],"version-history":[{"count":1,"href":"https:\/\/blogs.correiobraziliense.com.br\/vicente\/wp-json\/wp\/v2\/posts\/6051\/revisions"}],"predecessor-version":[{"id":6052,"href":"https:\/\/blogs.correiobraziliense.com.br\/vicente\/wp-json\/wp\/v2\/posts\/6051\/revisions\/6052"}],"wp:attachment":[{"href":"https:\/\/blogs.correiobraziliense.com.br\/vicente\/wp-json\/wp\/v2\/media?parent=6051"}],"wp:term":[{"taxonomy":"category","embeddable":true,"href":"https:\/\/blogs.correiobraziliense.com.br\/vicente\/wp-json\/wp\/v2\/categories?post=6051"},{"taxonomy":"post_tag","embeddable":true,"href":"https:\/\/blogs.correiobraziliense.com.br\/vicente\/wp-json\/wp\/v2\/tags?post=6051"}],"curies":[{"name":"wp","href":"https:\/\/api.w.org\/{rel}","templated":true}]}}