{"id":6049,"date":"2017-09-06T18:05:39","date_gmt":"2017-09-06T21:05:39","guid":{"rendered":"https:\/\/blogs.correiobraziliense.com.br\/vicente\/?p=6049"},"modified":"2017-09-06T18:05:39","modified_gmt":"2017-09-06T21:05:39","slug":"queda-da-selic-muda-regra-de-rentabilidade-da-poupanca","status":"publish","type":"post","link":"https:\/\/blogs.correiobraziliense.com.br\/vicente\/queda-da-selic-muda-regra-de-rentabilidade-da-poupanca\/","title":{"rendered":"Queda da Selic muda regra de rentabilidade da poupan\u00e7a"},"content":{"rendered":"<p>POR ANTONIO TEM\u00d3TEO E HAMILTON FERRARI<\/p>\n<p>&nbsp;<\/p>\n<p class=\"p1\">A partir de amanh\u00e3, as regras de rentabilidade da poupan\u00e7a ser\u00e3o alteradas a partir da queda de um ponto percentual da taxa b\u00e1sica de juros (Selic), \u00a0para 8,25% ao ano, promovido pelo Comit\u00ea de Pol\u00edtica Monet\u00e1ria (Copom). Com a mudan\u00e7a, o rendimento ser\u00e1 de 70% da Selic mais a taxa referencial (TR), e isso resultar\u00e1 numa diminui\u00e7\u00e3o dos ganhos.<\/p>\n<p class=\"p1\">\n<p class=\"p1\">A revis\u00e3o da\u00a0f\u00f3rmula de c\u00e1lculo da caderneta \u2014 decidida em 2012, durante o governo Dilma Rousseff \u2014 ocorre toda vez que a taxa b\u00e1sica fica igual ou menor que 8,5% ao ano. O objetivo da altera\u00e7\u00e3o \u00e9 estimular o investimento em fundos, principais financiadores da d\u00edvida p\u00fablica. Por enquanto, a taxa est\u00e1 em 9,25% ao ano, mas a expectativa do mercado \u00e9 de que caia um ponto percentual, para 8,25% anuais.<\/p>\n<p class=\"p1\">\n<p class=\"p1\">Pela regra vigente, a poupan\u00e7a rende 0,5% ao m\u00eas \u2014 6,17% ao ano \u2014mais a taxa de refer\u00eancia (TR). Caso se confirme a queda da Selic para 8,25%, o rendimento da caderneta vai cair para 5,77% ao ano mais a TR. E a expectativa \u00e9 de que piore at\u00e9 o fim do ano, j\u00e1 que novas quedas da taxa b\u00e1sica s\u00e3o esperadas. O mercado aposta que a Selic termine 2017 em 7,25% ao ano, o que reduziria o ganho anual da poupan\u00e7a a 5,07% mais a TR.<\/p>\n","protected":false},"excerpt":{"rendered":"<p>POR ANTONIO TEM\u00d3TEO E HAMILTON FERRARI &nbsp; A partir de amanh\u00e3, as regras de rentabilidade da poupan\u00e7a ser\u00e3o alteradas a partir da queda de um ponto percentual da taxa b\u00e1sica de juros (Selic), \u00a0para 8,25% ao ano, promovido pelo Comit\u00ea de Pol\u00edtica Monet\u00e1ria (Copom). Com a mudan\u00e7a, o rendimento ser\u00e1 de 70% da Selic mais [&hellip;]<\/p>\n","protected":false},"author":22,"featured_media":0,"comment_status":"open","ping_status":"closed","sticky":false,"template":"","format":"standard","meta":{"footnotes":""},"categories":[600],"tags":[3,106,99,436,34],"class_list":["post-6049","post","type-post","status-publish","format-standard","hentry","category-economia","tag-banco-central","tag-bc","tag-copom","tag-poupanca","tag-selic"],"_links":{"self":[{"href":"https:\/\/blogs.correiobraziliense.com.br\/vicente\/wp-json\/wp\/v2\/posts\/6049","targetHints":{"allow":["GET"]}}],"collection":[{"href":"https:\/\/blogs.correiobraziliense.com.br\/vicente\/wp-json\/wp\/v2\/posts"}],"about":[{"href":"https:\/\/blogs.correiobraziliense.com.br\/vicente\/wp-json\/wp\/v2\/types\/post"}],"author":[{"embeddable":true,"href":"https:\/\/blogs.correiobraziliense.com.br\/vicente\/wp-json\/wp\/v2\/users\/22"}],"replies":[{"embeddable":true,"href":"https:\/\/blogs.correiobraziliense.com.br\/vicente\/wp-json\/wp\/v2\/comments?post=6049"}],"version-history":[{"count":1,"href":"https:\/\/blogs.correiobraziliense.com.br\/vicente\/wp-json\/wp\/v2\/posts\/6049\/revisions"}],"predecessor-version":[{"id":6050,"href":"https:\/\/blogs.correiobraziliense.com.br\/vicente\/wp-json\/wp\/v2\/posts\/6049\/revisions\/6050"}],"wp:attachment":[{"href":"https:\/\/blogs.correiobraziliense.com.br\/vicente\/wp-json\/wp\/v2\/media?parent=6049"}],"wp:term":[{"taxonomy":"category","embeddable":true,"href":"https:\/\/blogs.correiobraziliense.com.br\/vicente\/wp-json\/wp\/v2\/categories?post=6049"},{"taxonomy":"post_tag","embeddable":true,"href":"https:\/\/blogs.correiobraziliense.com.br\/vicente\/wp-json\/wp\/v2\/tags?post=6049"}],"curies":[{"name":"wp","href":"https:\/\/api.w.org\/{rel}","templated":true}]}}