{"id":6037,"date":"2017-09-06T11:17:44","date_gmt":"2017-09-06T14:17:44","guid":{"rendered":"https:\/\/blogs.correiobraziliense.com.br\/vicente\/?p=6037"},"modified":"2017-09-06T15:21:41","modified_gmt":"2017-09-06T18:21:41","slug":"os-pessimos-servicos-da-ceb-afetam-dataprev","status":"publish","type":"post","link":"https:\/\/blogs.correiobraziliense.com.br\/vicente\/os-pessimos-servicos-da-ceb-afetam-dataprev\/","title":{"rendered":"Os p\u00e9ssimos servi\u00e7os da CEB afetam a Dataprev"},"content":{"rendered":"<h2>A p\u00e9ssima qualidade do servi\u00e7o prestado pela Companhia Energ\u00e9tica de Bras\u00edlia (CEB) levou a Dataprev a constatar 55 incidentes que implicaram acionamento de baterias de energia ou de geradores termel\u00e9tricos em 2016.<\/h2>\n<p>&nbsp;<\/p>\n<p>Significa que, em todas as semanas do ano passado, houve registro de um problema com o fornecimento de energia. Em pelo menos seis casos houve interrup\u00e7\u00e3o total do fornecimento de eletricidade.<\/p>\n<p>&nbsp;<\/p>\n<p><strong>Problemas hist\u00f3ricos<\/strong><\/p>\n<p>&nbsp;<\/p>\n<p>A empresa de tecnologia criada para prestar servi\u00e7os \u00e0 Previd\u00eancia Social n\u00e3o atingir\u00e1 o n\u00edvel quatro de uma certifica\u00e7\u00e3o internacional devido aos problemas da infraestrutura energ\u00e9tica do pa\u00eds. Os avaliadores cobram que a Dataprev tenha \u00e0 sua disposi\u00e7\u00e3o duas geradoras de energia para conquistar a mais alta classifica\u00e7\u00e3o.<\/p>\n<p>&nbsp;<\/p>\n<p>Entretanto, S\u00e3o Paulo, Rio de Janeiro e Bras\u00edlia t\u00eam uma \u00fanica geradora para atend\u00ea-las. As linhas de transmiss\u00e3o existentes s\u00f3 fornecem energia de uma \u00fanica empresa.<\/p>\n<p>&nbsp;<\/p>\n<p><em>Bras\u00edlia, 11h17min<\/em><\/p>\n","protected":false},"excerpt":{"rendered":"<p>A p\u00e9ssima qualidade do servi\u00e7o prestado pela Companhia Energ\u00e9tica de Bras\u00edlia (CEB) levou a Dataprev a constatar 55 incidentes que implicaram acionamento de baterias de energia ou de geradores termel\u00e9tricos em 2016. &nbsp; Significa que, em todas as semanas do ano passado, houve registro de um problema com o fornecimento de energia. Em pelo menos [&hellip;]<\/p>\n","protected":false},"author":22,"featured_media":0,"comment_status":"open","ping_status":"closed","sticky":false,"template":"","format":"standard","meta":{"footnotes":""},"categories":[600],"tags":[],"class_list":["post-6037","post","type-post","status-publish","format-standard","hentry","category-economia"],"_links":{"self":[{"href":"https:\/\/blogs.correiobraziliense.com.br\/vicente\/wp-json\/wp\/v2\/posts\/6037","targetHints":{"allow":["GET"]}}],"collection":[{"href":"https:\/\/blogs.correiobraziliense.com.br\/vicente\/wp-json\/wp\/v2\/posts"}],"about":[{"href":"https:\/\/blogs.correiobraziliense.com.br\/vicente\/wp-json\/wp\/v2\/types\/post"}],"author":[{"embeddable":true,"href":"https:\/\/blogs.correiobraziliense.com.br\/vicente\/wp-json\/wp\/v2\/users\/22"}],"replies":[{"embeddable":true,"href":"https:\/\/blogs.correiobraziliense.com.br\/vicente\/wp-json\/wp\/v2\/comments?post=6037"}],"version-history":[{"count":1,"href":"https:\/\/blogs.correiobraziliense.com.br\/vicente\/wp-json\/wp\/v2\/posts\/6037\/revisions"}],"predecessor-version":[{"id":6038,"href":"https:\/\/blogs.correiobraziliense.com.br\/vicente\/wp-json\/wp\/v2\/posts\/6037\/revisions\/6038"}],"wp:attachment":[{"href":"https:\/\/blogs.correiobraziliense.com.br\/vicente\/wp-json\/wp\/v2\/media?parent=6037"}],"wp:term":[{"taxonomy":"category","embeddable":true,"href":"https:\/\/blogs.correiobraziliense.com.br\/vicente\/wp-json\/wp\/v2\/categories?post=6037"},{"taxonomy":"post_tag","embeddable":true,"href":"https:\/\/blogs.correiobraziliense.com.br\/vicente\/wp-json\/wp\/v2\/tags?post=6037"}],"curies":[{"name":"wp","href":"https:\/\/api.w.org\/{rel}","templated":true}]}}