{"id":6030,"date":"2017-09-06T06:27:33","date_gmt":"2017-09-06T09:27:33","guid":{"rendered":"https:\/\/blogs.correiobraziliense.com.br\/vicente\/?p=6030"},"modified":"2017-09-06T11:34:28","modified_gmt":"2017-09-06T14:34:28","slug":"coluna-no-correio-baixo-potencial-de-crescimento","status":"publish","type":"post","link":"https:\/\/blogs.correiobraziliense.com.br\/vicente\/coluna-no-correio-baixo-potencial-de-crescimento\/","title":{"rendered":"Coluna no Correio: Baixo potencial de crescimento"},"content":{"rendered":"<h2>ANTONIO TEM\u00d3TEO<\/h2>\n<h2><\/h2>\n<h2>As reformas podem elevar o Produto Interno Bruto (PIB) potencial do Brasil para 3,5%, conforme estudo do Ita\u00fa Unibanco. Os economistas Artur Manoel Passos e Alexandre Gomes da Cunha avaliaram que um ajuste fiscal que aumente a poupan\u00e7a dom\u00e9stica e estabilize a d\u00edvida p\u00fablica, combinado com a implementa\u00e7\u00e3o de medidas microecon\u00f4micas, \u00e9 essencial para que as proje\u00e7\u00f5es se materializem. Sem o reequil\u00edbrio das contas p\u00fablicas e a aprova\u00e7\u00e3o de propostas para aperfei\u00e7oar a legisla\u00e7\u00e3o brasileira, destacam os analistas, o PIB potencial ficaria mais pr\u00f3ximo de 1,5%.<\/h2>\n<p>&nbsp;<\/p>\n<p>Nas contas de Passos e Cunha, as diversas crises econ\u00f4micas dos \u00faltimos 55 anos implicaram alta relevante da infla\u00e7\u00e3o, o n\u00e3o pagamento das obriga\u00e7\u00f5es do governo e a redu\u00e7\u00e3o da renda per capita. Segundo eles, tr\u00eas fatores explicam o contido crescimento do Brasil. O primeiro \u00e9 a baixa taxa de poupan\u00e7a dom\u00e9stica, que limita os investimentos e diminui o ritmo de ac\u00famulo de capital e de ganhos de produtividade por meio do uso de novas tecnologias.<\/p>\n<p>&nbsp;<\/p>\n<p>Al\u00e9m disso, as seguidas crises macroecon\u00f4micas reduziram o n\u00edvel da renda do pa\u00eds em pelo menos 25%. Por \u00faltimo, a produtividade acumulada no per\u00edodo ficou abaixo do observado por pa\u00edses emergentes diante de diversos entraves regulat\u00f3rios, tribut\u00e1rios e nas rela\u00e7\u00f5es trabalhistas. Os economistas do Ita\u00fa Unibanco avaliam que o ajuste fiscal teria potencial para elevar o n\u00edvel de poupan\u00e7a dom\u00e9stica, aumentando a capacidade do pa\u00eds de investir, al\u00e9m de garantir a sustentabilidade da d\u00edvida p\u00fablica, evitando crises fiscais no futuro.<\/p>\n<p>&nbsp;<\/p>\n<p>Do ponto de vista microecon\u00f4mico, al\u00e9m da reforma trabalhista, eles destacam que h\u00e1 espa\u00e7o para abertura da economia brasileira, por meio do fortalecimento das parcerias comerciais, para a reforma tribut\u00e1ria e para o investimento em educa\u00e7\u00e3o. \u201cPor outro lado, na aus\u00eancia de avan\u00e7os das reformas macroecon\u00f4micas e microecon\u00f4micas, o crescimento potencial ficaria ao redor de 1,5%. Esse crescimento baixo dificultaria a estabiliza\u00e7\u00e3o da d\u00edvida p\u00fablica, aumentando a probabilidade de desarranjos e degrada\u00e7\u00e3o macroecon\u00f4mica, o que poderia trazer o crescimento para valores ainda mais baixos\u201d, alertam.<\/p>\n<p>&nbsp;<\/p>\n<p>Apesar dos avan\u00e7os que todas essas mudan\u00e7as provocariam, um crescimento de 3,5% levaria o pa\u00eds a caminhar a passos lentos para igualar os n\u00edveis de renda per capita dos pa\u00edses avan\u00e7ados. \u201cConsiderando um crescimento populacional anual de 0,7% e excluindo efeitos de taxa de c\u00e2mbio, estimamos que o Brasil levaria 66 anos para alcan\u00e7ar o n\u00edvel atual da renda per capita dos Estados Unidos.\u201d<\/p>\n<p>&nbsp;<\/p>\n<p><strong>Passos lentos<\/strong><\/p>\n<p>&nbsp;<\/p>\n<p>Enquanto o pa\u00eds engatinha para sair do atoleiro e voltar a crescer de maneira sustent\u00e1vel, o mercado tem se animado com a sucess\u00e3o de imbr\u00f3glios que tiram o presidente Michel Temer do foco principal da crise. A Bolsa de Valores de S\u00e3o Paulo (B3) fechou ontem em alta de 0,03%, aos 72.151 pontos e o d\u00f3lar registrou queda de 0,57%, a quinta consecutiva, cotado a R$ 3,119. Mas o dado mais simb\u00f3lico est\u00e1 ligado ao risco-pa\u00eds. O indicador, que leva em conta os Credit Default Swaps (CDS) brasileiros de cinco anos, uma esp\u00e9cie de seguro contra calotes, chegou aos 189 pontos, o menor n\u00edvel da gest\u00e3o Temer.<\/p>\n<p>&nbsp;<\/p>\n<p>Um banqueiro, que preferiu anonimato, destacou que as novas revela\u00e7\u00f5es dos \u00e1udios de executivos da J&amp;F, que colocam em xeque a credibilidade de magistrados e procuradores, d\u00e3o muni\u00e7\u00e3o para o chefe do Executivo. \u201cDo ponto de vista pol\u00edtico, o presidente da Rep\u00fablica se fortalece e j\u00e1 h\u00e1 no mercado quem acredite que a reforma da Previd\u00eancia possa ser aprovada\u201d, comenta. Conforme ele, a sensa\u00e7\u00e3o de melhora do ambiente tamb\u00e9m leva em conta dados divulgados recentemente.<\/p>\n<p>&nbsp;<\/p>\n<p>Al\u00e9m do crescimento de 0,2% do PIB no segundo trimestre, os analistas se surpreenderam com a alta de 0,8% da ind\u00fastria, divulgada ontem pelo Instituto Brasileiro de Geografia e Estat\u00edstica (IBGE). O resultado superou as expectativas dos economistas, que previam, em m\u00e9dia, um aumento de 0,4%. No acumulado do ano, o \u00edndice teve alta de 0,8%. Em compara\u00e7\u00e3o com julho de 2016, registrou eleva\u00e7\u00e3o de 2,5%, tamb\u00e9m acima das estimativas, que previam expans\u00e3o de 1,8%.<\/p>\n<p>&nbsp;<\/p>\n<p>A semana que prometia fortes emo\u00e7\u00f5es para Temer, que chega ao Brasil ap\u00f3s cumprir agenda na China, parece que terminar\u00e1 com not\u00edcias favor\u00e1veis ao chefe do Executivo. Para complementar a onda favor\u00e1vel ao peemedebista, o Banco Central (BC) reduzir\u00e1 hoje a taxa b\u00e1sica de juros (Selic) em um ponto percentual, para 8,25% ao ano. Ser\u00e1 o menor n\u00edvel desde maio de 2013. \u201cAinda \u00e9 imposs\u00edvel debater as reformas necess\u00e1rias para que o pa\u00eds atinja um PIB potencial de 3,5%, mas, para quem estava pr\u00f3ximo do precip\u00edcio, a situa\u00e7\u00e3o mudou drasticamente. Bras\u00edlia n\u00e3o \u00e9 para amadores. S\u00e3o mudan\u00e7as bruscas a cada semana\u201d, ironizou um executivo de um banco paulistano.<\/p>\n<p>&nbsp;<\/p>\n<p><em>Bras\u00edlia, 06h27min<\/em><\/p>\n","protected":false},"excerpt":{"rendered":"<p>ANTONIO TEM\u00d3TEO As reformas podem elevar o Produto Interno Bruto (PIB) potencial do Brasil para 3,5%, conforme estudo do Ita\u00fa Unibanco. Os economistas Artur Manoel Passos e Alexandre Gomes da Cunha avaliaram que um ajuste fiscal que aumente a poupan\u00e7a dom\u00e9stica e estabilize a d\u00edvida p\u00fablica, combinado com a implementa\u00e7\u00e3o de medidas microecon\u00f4micas, \u00e9 essencial [&hellip;]<\/p>\n","protected":false},"author":22,"featured_media":0,"comment_status":"open","ping_status":"closed","sticky":false,"template":"","format":"standard","meta":{"footnotes":""},"categories":[600],"tags":[],"class_list":["post-6030","post","type-post","status-publish","format-standard","hentry","category-economia"],"_links":{"self":[{"href":"https:\/\/blogs.correiobraziliense.com.br\/vicente\/wp-json\/wp\/v2\/posts\/6030","targetHints":{"allow":["GET"]}}],"collection":[{"href":"https:\/\/blogs.correiobraziliense.com.br\/vicente\/wp-json\/wp\/v2\/posts"}],"about":[{"href":"https:\/\/blogs.correiobraziliense.com.br\/vicente\/wp-json\/wp\/v2\/types\/post"}],"author":[{"embeddable":true,"href":"https:\/\/blogs.correiobraziliense.com.br\/vicente\/wp-json\/wp\/v2\/users\/22"}],"replies":[{"embeddable":true,"href":"https:\/\/blogs.correiobraziliense.com.br\/vicente\/wp-json\/wp\/v2\/comments?post=6030"}],"version-history":[{"count":1,"href":"https:\/\/blogs.correiobraziliense.com.br\/vicente\/wp-json\/wp\/v2\/posts\/6030\/revisions"}],"predecessor-version":[{"id":6031,"href":"https:\/\/blogs.correiobraziliense.com.br\/vicente\/wp-json\/wp\/v2\/posts\/6030\/revisions\/6031"}],"wp:attachment":[{"href":"https:\/\/blogs.correiobraziliense.com.br\/vicente\/wp-json\/wp\/v2\/media?parent=6030"}],"wp:term":[{"taxonomy":"category","embeddable":true,"href":"https:\/\/blogs.correiobraziliense.com.br\/vicente\/wp-json\/wp\/v2\/categories?post=6030"},{"taxonomy":"post_tag","embeddable":true,"href":"https:\/\/blogs.correiobraziliense.com.br\/vicente\/wp-json\/wp\/v2\/tags?post=6030"}],"curies":[{"name":"wp","href":"https:\/\/api.w.org\/{rel}","templated":true}]}}