{"id":5996,"date":"2017-09-04T19:10:09","date_gmt":"2017-09-04T22:10:09","guid":{"rendered":"https:\/\/blogs.correiobraziliense.com.br\/vicente\/?p=5996"},"modified":"2017-09-05T18:57:28","modified_gmt":"2017-09-05T21:57:28","slug":"planalto-vai-usar-suspeitas-de-fraudes-na-pgr-para-atacar-janot-e-joesley","status":"publish","type":"post","link":"https:\/\/blogs.correiobraziliense.com.br\/vicente\/planalto-vai-usar-suspeitas-de-fraudes-na-pgr-para-atacar-janot-e-joesley\/","title":{"rendered":"Planalto vai usar suspeitas de fraudes na PGR para atacar Janot e Joesley"},"content":{"rendered":"<h2>Assessores diretos do presidente Michel Temer j\u00e1 est\u00e3o em contato direto com a China para comunicar o chefe sobre a bomba anunciada nesta segunda-feira, 4, pelo procurador-geral da Rep\u00fablica, Rodrigo Janot. Ele informou que foram encontradas grava\u00e7\u00f5es suspeitas entregues pelo grupo JBS que mostram s\u00e9rias, &#8220;grav\u00edssimas&#8221;, irregularidades na PGR e no Supremo Tribunal Federal.<\/h2>\n<p>&nbsp;<\/p>\n<p>O Planalto acredita que, com esses fatos novos, tentar\u00e1 desqualificar Joesley Batista como delator e inviabilizar a esperada segunda den\u00fancia de Janot contra Temer. A ordem entre os assessores do presidente \u00e9 levantar o m\u00e1ximo poss\u00edvel de informa\u00e7\u00f5es sobre as descobertas da PGR, que comprometeria uma pessoa do STF, um parlamentar e um ex-procurador da Rep\u00fablica Marcelo Miller, que trabalhou direto com Janot e, depois, se desligou para trabalhar em um escrit\u00f3rio que preparou as dela\u00e7\u00f5es da JBS.<\/p>\n<p>&nbsp;<\/p>\n<p>As irregularidades foram descobertas a partir de um \u00e1udio com conversa entre dois delatores da JBS que chegou \u00e0 PGR na quinta-feira. 31 de agosto. O procurador-geral, a grava\u00e7\u00e3o foi entregue, aparentemente por engano, nos anexos da dela\u00e7\u00e3o dos controladores da JBS. Diante disso, Janot afirmou que a PGR abriu um investiga\u00e7\u00e3o interna e pode rever a dela\u00e7\u00e3o premiada de tr\u00eas \u2014 Joesley Batista, Ricardo Saud e Francisco de Assis e Silva \u2014 dos sete executivos do grupo comandado por Joesley e Wesley Batista. \u00c9 essa anula\u00e7\u00e3o que Temer espera.<\/p>\n<p>&nbsp;<\/p>\n<p><strong>Euforia<\/strong><\/p>\n<p>&nbsp;<\/p>\n<p>Assessores e aliados pol\u00edticos de Temes est\u00e3o euf\u00f3ricos. Da China, o presidente avisou aos mais pr\u00f3ximos que, agora, est\u00e1 com todos os argumentos para conter &#8220;as flechas&#8221; de Janot. Ele acredita que o acusador ficou desmoralizado ao admitir ind\u00edcios de irregularidades nas negocia\u00e7\u00f5es para as dela\u00e7\u00f5es da JBS. O presidente tamb\u00e9m cr\u00ea que sua linha de defesa esteve sempre correta e que poder\u00e1 partir com tudo para cima de Joesley, que o chamou de &#8220;ladr\u00e3o-geral da Rep\u00fablica&#8221;.<\/p>\n<p>&nbsp;<\/p>\n<p>Ant\u00f4nio Cl\u00e1udio Mariz de Oliveira, advogado de Temer, j\u00e1 disse que pode recorrer \u00e0 Justi\u00e7a para pedir a anula\u00e7\u00e3o de todo o processo. Ele admite questionar todas as provas apresentadas pela JBS no Supremo. A estrat\u00e9gia contra Janot e Joesley ser\u00e1 fechada assim que Temer desembarcar no Brasil, na quarta-feira, 6. Para integrantes do Planalto, Temer ficou mais forte. Agora, com cautela e serenidade, \u00e9 partir para a guerra sem medo.<\/p>\n<p>&nbsp;<\/p>\n<p><em>Bras\u00edlia, 19h10min<\/em><\/p>\n","protected":false},"excerpt":{"rendered":"<p>Assessores diretos do presidente Michel Temer j\u00e1 est\u00e3o em contato direto com a China para comunicar o chefe sobre a bomba anunciada nesta segunda-feira, 4, pelo procurador-geral da Rep\u00fablica, Rodrigo Janot. Ele informou que foram encontradas grava\u00e7\u00f5es suspeitas entregues pelo grupo JBS que mostram s\u00e9rias, &#8220;grav\u00edssimas&#8221;, irregularidades na PGR e no Supremo Tribunal Federal. &nbsp; [&hellip;]<\/p>\n","protected":false},"author":22,"featured_media":0,"comment_status":"open","ping_status":"closed","sticky":false,"template":"","format":"standard","meta":{"footnotes":""},"categories":[600],"tags":[1078,159,2361,509,2405,191,2459,2705,125],"class_list":["post-5996","post","type-post","status-publish","format-standard","hentry","category-economia","tag-denuncia","tag-irregularidades","tag-janot","tag-jbs","tag-michel","tag-pgr","tag-rodrigo","tag-supeita","tag-temer"],"_links":{"self":[{"href":"https:\/\/blogs.correiobraziliense.com.br\/vicente\/wp-json\/wp\/v2\/posts\/5996","targetHints":{"allow":["GET"]}}],"collection":[{"href":"https:\/\/blogs.correiobraziliense.com.br\/vicente\/wp-json\/wp\/v2\/posts"}],"about":[{"href":"https:\/\/blogs.correiobraziliense.com.br\/vicente\/wp-json\/wp\/v2\/types\/post"}],"author":[{"embeddable":true,"href":"https:\/\/blogs.correiobraziliense.com.br\/vicente\/wp-json\/wp\/v2\/users\/22"}],"replies":[{"embeddable":true,"href":"https:\/\/blogs.correiobraziliense.com.br\/vicente\/wp-json\/wp\/v2\/comments?post=5996"}],"version-history":[{"count":16,"href":"https:\/\/blogs.correiobraziliense.com.br\/vicente\/wp-json\/wp\/v2\/posts\/5996\/revisions"}],"predecessor-version":[{"id":6023,"href":"https:\/\/blogs.correiobraziliense.com.br\/vicente\/wp-json\/wp\/v2\/posts\/5996\/revisions\/6023"}],"wp:attachment":[{"href":"https:\/\/blogs.correiobraziliense.com.br\/vicente\/wp-json\/wp\/v2\/media?parent=5996"}],"wp:term":[{"taxonomy":"category","embeddable":true,"href":"https:\/\/blogs.correiobraziliense.com.br\/vicente\/wp-json\/wp\/v2\/categories?post=5996"},{"taxonomy":"post_tag","embeddable":true,"href":"https:\/\/blogs.correiobraziliense.com.br\/vicente\/wp-json\/wp\/v2\/tags?post=5996"}],"curies":[{"name":"wp","href":"https:\/\/api.w.org\/{rel}","templated":true}]}}