{"id":5978,"date":"2017-09-02T14:50:38","date_gmt":"2017-09-02T17:50:38","guid":{"rendered":"https:\/\/blogs.correiobraziliense.com.br\/vicente\/?p=5978"},"modified":"2017-09-02T15:18:26","modified_gmt":"2017-09-02T18:18:26","slug":"stj-proibe-uso-de-onibus-funcional-por-terceirizados-e-estagiarios","status":"publish","type":"post","link":"https:\/\/blogs.correiobraziliense.com.br\/vicente\/stj-proibe-uso-de-onibus-funcional-por-terceirizados-e-estagiarios\/","title":{"rendered":"STJ pro\u00edbe uso de \u00f4nibus funcional por terceirizados e estagi\u00e1rios"},"content":{"rendered":"<h2>O Superior Tribunal de Justi\u00e7a (STJ) cortou o transporte de estagi\u00e1rios e terceirizados de sua sede at\u00e9 a rodovi\u00e1ria no centro de Bras\u00edlia. Esse transporte funcional s\u00f3 ser\u00e1 permitido para servidores concursados. A gritaria \u00e9 geral.<\/h2>\n<p>&nbsp;<\/p>\n<p>O STJ informa que &#8220;decidiu rever o transporte de funcion\u00e1rios terceirizados e estagi\u00e1rios da sede at\u00e9 a rodovi\u00e1ria para evitar a percep\u00e7\u00e3o de duplo benef\u00edcio percebido por esses funcion\u00e1rios, j\u00e1 que j\u00e1 fazem jus ao vale-transporte&#8221;.<\/p>\n<p>&nbsp;<\/p>\n<p>Terceirizados e estagi\u00e1rios contestam. Alegam que a sede do STJ est\u00e1 em uma \u00e1rea sem transporte p\u00fablico. Portanto, dizem que seria uma cortesia da institui\u00e7\u00e3o manter o direito de usar o \u00f4nibus que transporta servidores da rodovi\u00e1ria at\u00e9 o Tribunal e, de l\u00e1, at\u00e9 a rodovi\u00e1ria.<\/p>\n<p>&nbsp;<\/p>\n<p>O STJ alega que est\u00e1 seguindo o que j\u00e1 foi feito em alguns tribunais, que assinaram Termo de Ajustamento de Conduta (TAC) com o Minist\u00e9rio P\u00fablico. O caso mais recente de acordo envolveu o Tribunal Superior Eleitoral (TSE).<\/p>\n<p>&nbsp;<\/p>\n<p>Terceirizados e estagi\u00e1rios dizem que, em nenhum momento, foram comunicados sobre problemas do STJ com o Minist\u00e9rio P\u00fablico. A justificativa que receberam foi a de que a redu\u00e7\u00e3o de dois para um \u00f4nibus de transporte e a proibi\u00e7\u00e3o em us\u00e1-lo se devia \u00e0 necessidade de reduzir a emiss\u00e3o de gases que provocam o efeito estufa.<\/p>\n<p>&nbsp;<\/p>\n<p><strong>Na berlinda<\/strong><\/p>\n<p>&nbsp;<\/p>\n<p>Os tribunais do pa\u00eds est\u00e3o na berlinda, devido aos benef\u00edcios exorbitantes dados as servidores. Com v\u00e1rios penduricalhos, muitos, sobretudo ju\u00edzes e desembargadores, ganham sal\u00e1rios acima do teto permitido por lei, de R$ 33,7 mil. Os magistrados recebem aux\u00edlio-moradia mesmo tendo resid\u00eancia pr\u00f3pria na cidade em que vivem e trabalham.<\/p>\n<p>&nbsp;<\/p>\n<p>Diante dos abusos, a presidente do Supremo Tribunal Federal (STF) e do Conselho Nacional de Justi\u00e7a (CNJ), C\u00e1rmem L\u00facia, determinou que todos os tribunais deem transpar\u00eancia \u00e0s folhas de sal\u00e1rios para que a sociedade possa ter consci\u00eancia do que ocorre no Judici\u00e1rio.<\/p>\n<p>&nbsp;<\/p>\n<p><em>Bras\u00edlia, 14h50min<\/em><\/p>\n","protected":false},"excerpt":{"rendered":"<p>O Superior Tribunal de Justi\u00e7a (STJ) cortou o transporte de estagi\u00e1rios e terceirizados de sua sede at\u00e9 a rodovi\u00e1ria no centro de Bras\u00edlia. Esse transporte funcional s\u00f3 ser\u00e1 permitido para servidores concursados. A gritaria \u00e9 geral. &nbsp; O STJ informa que &#8220;decidiu rever o transporte de funcion\u00e1rios terceirizados e estagi\u00e1rios da sede at\u00e9 a rodovi\u00e1ria [&hellip;]<\/p>\n","protected":false},"author":22,"featured_media":0,"comment_status":"open","ping_status":"closed","sticky":false,"template":"","format":"standard","meta":{"footnotes":""},"categories":[600],"tags":[1836,2700,910,2439,2701,122,123,602],"class_list":["post-5978","post","type-post","status-publish","format-standard","hentry","category-economia","tag-ministerio","tag-onibus","tag-proibicao","tag-publico","tag-rodoviaria","tag-salarios","tag-servidores","tag-stj"],"_links":{"self":[{"href":"https:\/\/blogs.correiobraziliense.com.br\/vicente\/wp-json\/wp\/v2\/posts\/5978","targetHints":{"allow":["GET"]}}],"collection":[{"href":"https:\/\/blogs.correiobraziliense.com.br\/vicente\/wp-json\/wp\/v2\/posts"}],"about":[{"href":"https:\/\/blogs.correiobraziliense.com.br\/vicente\/wp-json\/wp\/v2\/types\/post"}],"author":[{"embeddable":true,"href":"https:\/\/blogs.correiobraziliense.com.br\/vicente\/wp-json\/wp\/v2\/users\/22"}],"replies":[{"embeddable":true,"href":"https:\/\/blogs.correiobraziliense.com.br\/vicente\/wp-json\/wp\/v2\/comments?post=5978"}],"version-history":[{"count":1,"href":"https:\/\/blogs.correiobraziliense.com.br\/vicente\/wp-json\/wp\/v2\/posts\/5978\/revisions"}],"predecessor-version":[{"id":5979,"href":"https:\/\/blogs.correiobraziliense.com.br\/vicente\/wp-json\/wp\/v2\/posts\/5978\/revisions\/5979"}],"wp:attachment":[{"href":"https:\/\/blogs.correiobraziliense.com.br\/vicente\/wp-json\/wp\/v2\/media?parent=5978"}],"wp:term":[{"taxonomy":"category","embeddable":true,"href":"https:\/\/blogs.correiobraziliense.com.br\/vicente\/wp-json\/wp\/v2\/categories?post=5978"},{"taxonomy":"post_tag","embeddable":true,"href":"https:\/\/blogs.correiobraziliense.com.br\/vicente\/wp-json\/wp\/v2\/tags?post=5978"}],"curies":[{"name":"wp","href":"https:\/\/api.w.org\/{rel}","templated":true}]}}