{"id":5973,"date":"2017-09-02T13:13:32","date_gmt":"2017-09-02T16:13:32","guid":{"rendered":"https:\/\/blogs.correiobraziliense.com.br\/vicente\/?p=5973"},"modified":"2017-09-02T15:37:55","modified_gmt":"2017-09-02T18:37:55","slug":"consumidor-enfrenta-filas-por-gasolina-r-3729-o-litro","status":"publish","type":"post","link":"https:\/\/blogs.correiobraziliense.com.br\/vicente\/consumidor-enfrenta-filas-por-gasolina-r-3729-o-litro\/","title":{"rendered":"Consumidor enfrenta filas por gasolina a R$ 3,729 o litro"},"content":{"rendered":"<h2>Os consumidores do Distrito Federal est\u00e3o sofrendo com os abusos praticados pelos postos de combust\u00edveis. O Procon constatou que o cartel que sempre dominou o setor na capital do pa\u00eds voltou com tudo e que os estabelecimentos aproveitaram o aumento de impostos (PIS e Cofins) para ampliar as margens de lucros.<\/h2>\n<p>&nbsp;<\/p>\n<p>Diante dessa combina\u00e7\u00e3o dos pre\u00e7os, os motoristas s\u00e3o obrigados a enfrentar longas filas quando encontram a gasolina com pre\u00e7os um pouco abaixo da media do mercado. Em Taguatinga, \u00e9 poss\u00edvel encher o tanque por R$ 3,729. No geral, os pre\u00e7os v\u00eam oscilando entre R$ 3,90 e R$ 3,99<\/p>\n<p>&nbsp;<\/p>\n<p><a href=\"https:\/\/blogs.correiobraziliense.com.br\/vicente\/wp-content\/uploads\/sites\/16\/2017\/09\/GasolinaJorge1.jpg\" rel=\"attachment wp-att-5974\"><img loading=\"lazy\" decoding=\"async\" class=\"alignnone size-full wp-image-5974\" src=\"https:\/\/blogs.correiobraziliense.com.br\/vicente\/wp-content\/uploads\/sites\/16\/2017\/09\/GasolinaJorge1.jpg\" alt=\"GasolinaJorge1\" width=\"960\" height=\"1280\" srcset=\"https:\/\/blogs.correiobraziliense.com.br\/vicente\/wp-content\/uploads\/sites\/16\/2017\/09\/GasolinaJorge1.jpg 960w, https:\/\/blogs.correiobraziliense.com.br\/vicente\/wp-content\/uploads\/sites\/16\/2017\/09\/GasolinaJorge1-225x300.jpg 225w, https:\/\/blogs.correiobraziliense.com.br\/vicente\/wp-content\/uploads\/sites\/16\/2017\/09\/GasolinaJorge1-768x1024.jpg 768w, https:\/\/blogs.correiobraziliense.com.br\/vicente\/wp-content\/uploads\/sites\/16\/2017\/09\/GasolinaJorge1-263x350.jpg 263w, https:\/\/blogs.correiobraziliense.com.br\/vicente\/wp-content\/uploads\/sites\/16\/2017\/09\/GasolinaJorge1-550x733.jpg 550w, https:\/\/blogs.correiobraziliense.com.br\/vicente\/wp-content\/uploads\/sites\/16\/2017\/09\/GasolinaJorge1-230x307.jpg 230w\" sizes=\"auto, (max-width: 960px) 100vw, 960px\" \/><\/a><\/p>\n<p>Fotos: Jorge Marques\/ Especial para o DA\/Press<\/p>\n<p>&nbsp;<\/p>\n<p>Para os consumidores, \u00e9 um absurdo o que est\u00e1 acontecendo nos postos de combust\u00edveis do Distrito Federal. &#8220;\u00c9 um esc\u00e2ndalo. Estou na fila para encher o tanque por R$ 3,279 o litro como se isso fosse barato. N\u00e3o \u00e9. As autoridades precisam agir&#8221;, diz a servidora Dione dos Santos, 41 anos.<\/p>\n<p>&nbsp;<\/p>\n<p>O Minist\u00e9rio P\u00fablico j\u00e1 avisou que est\u00e1 de olho e abriu um anova investiga\u00e7\u00e3o contra os postos. O Governo do Distrito Federal assegura que n\u00e3o permitir\u00e1 que os donos de postos continuem lucrando al\u00e9m da conta punindo os consumidores com pre\u00e7os altos.<\/p>\n<p>&nbsp;<\/p>\n<p><a href=\"https:\/\/blogs.correiobraziliense.com.br\/vicente\/wp-content\/uploads\/sites\/16\/2017\/09\/GasolinaJorge2.jpg\" rel=\"attachment wp-att-5975\"><img loading=\"lazy\" decoding=\"async\" class=\"alignnone size-full wp-image-5975\" src=\"https:\/\/blogs.correiobraziliense.com.br\/vicente\/wp-content\/uploads\/sites\/16\/2017\/09\/GasolinaJorge2.jpg\" alt=\"GasolinaJorge2\" width=\"960\" height=\"1280\" srcset=\"https:\/\/blogs.correiobraziliense.com.br\/vicente\/wp-content\/uploads\/sites\/16\/2017\/09\/GasolinaJorge2.jpg 960w, https:\/\/blogs.correiobraziliense.com.br\/vicente\/wp-content\/uploads\/sites\/16\/2017\/09\/GasolinaJorge2-225x300.jpg 225w, https:\/\/blogs.correiobraziliense.com.br\/vicente\/wp-content\/uploads\/sites\/16\/2017\/09\/GasolinaJorge2-768x1024.jpg 768w, https:\/\/blogs.correiobraziliense.com.br\/vicente\/wp-content\/uploads\/sites\/16\/2017\/09\/GasolinaJorge2-263x350.jpg 263w, https:\/\/blogs.correiobraziliense.com.br\/vicente\/wp-content\/uploads\/sites\/16\/2017\/09\/GasolinaJorge2-550x733.jpg 550w, https:\/\/blogs.correiobraziliense.com.br\/vicente\/wp-content\/uploads\/sites\/16\/2017\/09\/GasolinaJorge2-230x307.jpg 230w\" sizes=\"auto, (max-width: 960px) 100vw, 960px\" \/><\/a><\/p>\n<p>&nbsp;<\/p>\n<p>Na sexta-feira, 1\u00ba de setembro, a Petrobras reajustou em mais 4,2% o pre\u00e7o da gasolina nas refinarias. A estatal est\u00e1 ajustando o valor dos combust\u00edveis quase que diariamente, acompanhando os movimentos do mercado internacional. A empresa alega que essa pol\u00edtica garante um fluxo de caixa mais pr\u00f3ximo da realidade.<\/p>\n<p>&nbsp;<\/p>\n<p>Os consumidores, por\u00e9m, sofrem. J\u00e1 n\u00e3o conseguem mais entender o que est\u00e1 realmente acontecendo nos postos. &#8220;Estamos perdidos. Um dia, os pre\u00e7os caem; em outro, aumentam. O jeito, nessa confus\u00e3o toda, \u00e9 correr atr\u00e1s de promo\u00e7\u00f5es. Mas cansa&#8221;, ressalta a comerci\u00e1ria Maria Carolina Diniz, 33.<\/p>\n<p>&nbsp;<\/p>\n<p><a href=\"https:\/\/blogs.correiobraziliense.com.br\/vicente\/wp-content\/uploads\/sites\/16\/2017\/09\/GasolinaJorge3.jpg\" rel=\"attachment wp-att-5976\"><img loading=\"lazy\" decoding=\"async\" class=\"alignnone size-full wp-image-5976\" src=\"https:\/\/blogs.correiobraziliense.com.br\/vicente\/wp-content\/uploads\/sites\/16\/2017\/09\/GasolinaJorge3.jpg\" alt=\"GasolinaJorge3\" width=\"720\" height=\"1280\" srcset=\"https:\/\/blogs.correiobraziliense.com.br\/vicente\/wp-content\/uploads\/sites\/16\/2017\/09\/GasolinaJorge3.jpg 720w, https:\/\/blogs.correiobraziliense.com.br\/vicente\/wp-content\/uploads\/sites\/16\/2017\/09\/GasolinaJorge3-169x300.jpg 169w, https:\/\/blogs.correiobraziliense.com.br\/vicente\/wp-content\/uploads\/sites\/16\/2017\/09\/GasolinaJorge3-576x1024.jpg 576w, https:\/\/blogs.correiobraziliense.com.br\/vicente\/wp-content\/uploads\/sites\/16\/2017\/09\/GasolinaJorge3-197x350.jpg 197w, https:\/\/blogs.correiobraziliense.com.br\/vicente\/wp-content\/uploads\/sites\/16\/2017\/09\/GasolinaJorge3-550x978.jpg 550w, https:\/\/blogs.correiobraziliense.com.br\/vicente\/wp-content\/uploads\/sites\/16\/2017\/09\/GasolinaJorge3-230x409.jpg 230w\" sizes=\"auto, (max-width: 720px) 100vw, 720px\" \/><\/a><\/p>\n<p>&nbsp;<\/p>\n<p>Espera-se que, em uma nova investida, o Minist\u00e9rio P\u00fablico, o Conselho Administrativo de Defesa da Concorr\u00eancia (Cade) e a Pol\u00edcia Federal consigam conter o \u00edmpeto dos postos. Pelos c\u00e1lculos do Procon do Distrito Federal, em julho, quando o governo federal aumentou o PIS e a Cofins, de 43 postos, 32 elevaram as margens de lucro.<\/p>\n<p>&nbsp;<\/p>\n<p>Bras\u00edlia,<\/p>\n","protected":false},"excerpt":{"rendered":"<p>Os consumidores do Distrito Federal est\u00e3o sofrendo com os abusos praticados pelos postos de combust\u00edveis. O Procon constatou que o cartel que sempre dominou o setor na capital do pa\u00eds voltou com tudo e que os estabelecimentos aproveitaram o aumento de impostos (PIS e Cofins) para ampliar as margens de lucros. &nbsp; Diante dessa combina\u00e7\u00e3o [&hellip;]<\/p>\n","protected":false},"author":22,"featured_media":0,"comment_status":"open","ping_status":"closed","sticky":false,"template":"","format":"standard","meta":{"footnotes":""},"categories":[600],"tags":[2699,2187,268,1836,1961,1544,2439],"class_list":["post-5973","post","type-post","status-publish","format-standard","hentry","category-economia","tag-abuso","tag-cartel","tag-gasolina","tag-ministerio","tag-postos","tag-procon","tag-publico"],"_links":{"self":[{"href":"https:\/\/blogs.correiobraziliense.com.br\/vicente\/wp-json\/wp\/v2\/posts\/5973","targetHints":{"allow":["GET"]}}],"collection":[{"href":"https:\/\/blogs.correiobraziliense.com.br\/vicente\/wp-json\/wp\/v2\/posts"}],"about":[{"href":"https:\/\/blogs.correiobraziliense.com.br\/vicente\/wp-json\/wp\/v2\/types\/post"}],"author":[{"embeddable":true,"href":"https:\/\/blogs.correiobraziliense.com.br\/vicente\/wp-json\/wp\/v2\/users\/22"}],"replies":[{"embeddable":true,"href":"https:\/\/blogs.correiobraziliense.com.br\/vicente\/wp-json\/wp\/v2\/comments?post=5973"}],"version-history":[{"count":2,"href":"https:\/\/blogs.correiobraziliense.com.br\/vicente\/wp-json\/wp\/v2\/posts\/5973\/revisions"}],"predecessor-version":[{"id":5980,"href":"https:\/\/blogs.correiobraziliense.com.br\/vicente\/wp-json\/wp\/v2\/posts\/5973\/revisions\/5980"}],"wp:attachment":[{"href":"https:\/\/blogs.correiobraziliense.com.br\/vicente\/wp-json\/wp\/v2\/media?parent=5973"}],"wp:term":[{"taxonomy":"category","embeddable":true,"href":"https:\/\/blogs.correiobraziliense.com.br\/vicente\/wp-json\/wp\/v2\/categories?post=5973"},{"taxonomy":"post_tag","embeddable":true,"href":"https:\/\/blogs.correiobraziliense.com.br\/vicente\/wp-json\/wp\/v2\/tags?post=5973"}],"curies":[{"name":"wp","href":"https:\/\/api.w.org\/{rel}","templated":true}]}}