{"id":5971,"date":"2017-09-01T14:09:36","date_gmt":"2017-09-01T17:09:36","guid":{"rendered":"https:\/\/blogs.correiobraziliense.com.br\/vicente\/?p=5971"},"modified":"2017-09-01T15:25:23","modified_gmt":"2017-09-01T18:25:23","slug":"para-bndes-adiamento-de-assembleia-nao-traz-prejuizos-jbs","status":"publish","type":"post","link":"https:\/\/blogs.correiobraziliense.com.br\/vicente\/para-bndes-adiamento-de-assembleia-nao-traz-prejuizos-jbs\/","title":{"rendered":"Para BNDES, adiamento de assembleia n\u00e3o traz preju\u00edzos \u00e0 JBS"},"content":{"rendered":"<h2>A decis\u00e3o da ju\u00edza federal convocada do Tribunal Regional Federal da 3\u00aa Regi\u00e3o (TRF-3) Giselle de Amaro e Fran\u00e7a de suspender, por 15 dias, a assembleia geral extraordin\u00e1ria de acionistas da JBS, que seria realizada nesta sexta-feira, 1\u00ba de setembro, n\u00e3o trar\u00e1 preju\u00edzos para a companhia se n\u00e3o houver conflitos de interesses, avalia do Banco Nacional de Desenvolvimento Econ\u00f4mico e Social (BNDES). A medida atende a um recurso interposto pela FB Participa\u00e7\u00f5es, com a qual a fam\u00edlia Batista controla a JBS.<\/h2>\n<p>&nbsp;<\/p>\n<p>Segundo a diretora de Mercado de Capitais do BNDES, Eliane Lustosa, e o diretor jur\u00eddico do Banco, Marcelo de Siqueira Freitas, n\u00e3o haver\u00e1 preju\u00edzo para a JBS se o prazo de 15 dias da suspens\u00e3o judicial for utilizado para garantir que a assembleia ocorra sem conflito de interesses. Para o banco, a suspens\u00e3o favorecer\u00e1 uma solu\u00e7\u00e3o objetiva da quest\u00e3o do conflito de interesses relacionado ao voto dos controladores em dois itens da pauta, levantada pela BNDESpar junto \u00e0 Comiss\u00e3o de Valores Mobili\u00e1rios (CVM) em conjunto com a Caixa Econ\u00f4mica Federal.<\/p>\n<p>&nbsp;<\/p>\n<p>&#8220;Essa decis\u00e3o judicial est\u00e1 em linha com o nosso objetivo de manter a assembleia para que a decis\u00e3o seja tomada no melhor interesse da companhia, afastado qualquer conflito de interesses&#8221;, afirma Eliane Lustosa, que responde pela BNDESpar.<\/p>\n<p>&nbsp;<\/p>\n<p>O diretor Marcelo de Siqueira Freitas diz esperar que os controladores da JBS observem os termos da Lei das S\/As (6.404\/76). &#8220;Nossa expectativa \u00e9 de que os pr\u00f3prios controladores reconhe\u00e7am o conflito de interesses. A BNDESpar somente buscou o Poder Judici\u00e1rio porque o controlador ainda n\u00e3o reconheceu o seu conflito. Se n\u00e3o houver esse reconhecimento, a BNDESpar vai tomar todas as medidas necess\u00e1rias para resguardar a aplica\u00e7\u00e3o da legisla\u00e7\u00e3o societ\u00e1ria&#8221;, ressalta Marcelo de Siqueira Freitas. O BNDES mant\u00e9m sua inten\u00e7\u00e3o de voto na assembleia, tornada p\u00fablica em 14 de agosto.<\/p>\n<p>&nbsp;<\/p>\n<p><em>Bras\u00edlia, 14h09min<\/em><\/p>\n","protected":false},"excerpt":{"rendered":"<p>A decis\u00e3o da ju\u00edza federal convocada do Tribunal Regional Federal da 3\u00aa Regi\u00e3o (TRF-3) Giselle de Amaro e Fran\u00e7a de suspender, por 15 dias, a assembleia geral extraordin\u00e1ria de acionistas da JBS, que seria realizada nesta sexta-feira, 1\u00ba de setembro, n\u00e3o trar\u00e1 preju\u00edzos para a companhia se n\u00e3o houver conflitos de interesses, avalia do Banco [&hellip;]<\/p>\n","protected":false},"author":22,"featured_media":0,"comment_status":"open","ping_status":"closed","sticky":false,"template":"","format":"standard","meta":{"footnotes":""},"categories":[600],"tags":[2697,89,2698,509],"class_list":["post-5971","post","type-post","status-publish","format-standard","hentry","category-economia","tag-assembleia","tag-bndes","tag-eliane-lustosa","tag-jbs"],"_links":{"self":[{"href":"https:\/\/blogs.correiobraziliense.com.br\/vicente\/wp-json\/wp\/v2\/posts\/5971","targetHints":{"allow":["GET"]}}],"collection":[{"href":"https:\/\/blogs.correiobraziliense.com.br\/vicente\/wp-json\/wp\/v2\/posts"}],"about":[{"href":"https:\/\/blogs.correiobraziliense.com.br\/vicente\/wp-json\/wp\/v2\/types\/post"}],"author":[{"embeddable":true,"href":"https:\/\/blogs.correiobraziliense.com.br\/vicente\/wp-json\/wp\/v2\/users\/22"}],"replies":[{"embeddable":true,"href":"https:\/\/blogs.correiobraziliense.com.br\/vicente\/wp-json\/wp\/v2\/comments?post=5971"}],"version-history":[{"count":1,"href":"https:\/\/blogs.correiobraziliense.com.br\/vicente\/wp-json\/wp\/v2\/posts\/5971\/revisions"}],"predecessor-version":[{"id":5972,"href":"https:\/\/blogs.correiobraziliense.com.br\/vicente\/wp-json\/wp\/v2\/posts\/5971\/revisions\/5972"}],"wp:attachment":[{"href":"https:\/\/blogs.correiobraziliense.com.br\/vicente\/wp-json\/wp\/v2\/media?parent=5971"}],"wp:term":[{"taxonomy":"category","embeddable":true,"href":"https:\/\/blogs.correiobraziliense.com.br\/vicente\/wp-json\/wp\/v2\/categories?post=5971"},{"taxonomy":"post_tag","embeddable":true,"href":"https:\/\/blogs.correiobraziliense.com.br\/vicente\/wp-json\/wp\/v2\/tags?post=5971"}],"curies":[{"name":"wp","href":"https:\/\/api.w.org\/{rel}","templated":true}]}}