{"id":5958,"date":"2017-08-31T20:31:17","date_gmt":"2017-08-31T23:31:17","guid":{"rendered":"https:\/\/blogs.correiobraziliense.com.br\/vicente\/?p=5958"},"modified":"2017-08-31T20:31:17","modified_gmt":"2017-08-31T23:31:17","slug":"rombo-da-previdencia-alcancara-r-2044-bilhoes-em-2018","status":"publish","type":"post","link":"https:\/\/blogs.correiobraziliense.com.br\/vicente\/rombo-da-previdencia-alcancara-r-2044-bilhoes-em-2018\/","title":{"rendered":"Rombo da Previd\u00eancia alcan\u00e7ar\u00e1 R$ 204,4 bilh\u00f5es em 2018"},"content":{"rendered":"<p>POR ANTONIO TEM\u00d3TEO<\/p>\n<p>&nbsp;<\/p>\n<p>O rombo da Previd\u00eancia Social projetado pelo governo para 2018 chega a R$ 204,4 bilh\u00f5es. Esse valor equivale a 2,86% do Produto Interno Bruto (PIB) projetado para o pr\u00f3ximo ano.<\/p>\n<p>&nbsp;<\/p>\n<p>O ministro do Planejamento substituto, Esteves Colnago, destacou que reformar a Previd\u00eancia \u00e9 essencial para que o governo garanta o reequil\u00edbrio das contas p\u00fablicas.<\/p>\n<p>&nbsp;<\/p>\n<p>Esse valor pode cair em R$ 4,5 bilh\u00f5es caso o Congresso Nacional aprove a reonera\u00e7\u00e3o da folha de pagamentos. Com isso, o rombo reduziria para R$ 199,9 bilh\u00f5es.<\/p>\n","protected":false},"excerpt":{"rendered":"<p>POR ANTONIO TEM\u00d3TEO &nbsp; O rombo da Previd\u00eancia Social projetado pelo governo para 2018 chega a R$ 204,4 bilh\u00f5es. Esse valor equivale a 2,86% do Produto Interno Bruto (PIB) projetado para o pr\u00f3ximo ano. &nbsp; O ministro do Planejamento substituto, Esteves Colnago, destacou que reformar a Previd\u00eancia \u00e9 essencial para que o governo garanta o [&hellip;]<\/p>\n","protected":false},"author":22,"featured_media":0,"comment_status":"open","ping_status":"closed","sticky":false,"template":"","format":"standard","meta":{"footnotes":""},"categories":[600],"tags":[76,58,406,541],"class_list":["post-5958","post","type-post","status-publish","format-standard","hentry","category-economia","tag-deficit","tag-pib","tag-previdencia-social","tag-rombo"],"_links":{"self":[{"href":"https:\/\/blogs.correiobraziliense.com.br\/vicente\/wp-json\/wp\/v2\/posts\/5958","targetHints":{"allow":["GET"]}}],"collection":[{"href":"https:\/\/blogs.correiobraziliense.com.br\/vicente\/wp-json\/wp\/v2\/posts"}],"about":[{"href":"https:\/\/blogs.correiobraziliense.com.br\/vicente\/wp-json\/wp\/v2\/types\/post"}],"author":[{"embeddable":true,"href":"https:\/\/blogs.correiobraziliense.com.br\/vicente\/wp-json\/wp\/v2\/users\/22"}],"replies":[{"embeddable":true,"href":"https:\/\/blogs.correiobraziliense.com.br\/vicente\/wp-json\/wp\/v2\/comments?post=5958"}],"version-history":[{"count":1,"href":"https:\/\/blogs.correiobraziliense.com.br\/vicente\/wp-json\/wp\/v2\/posts\/5958\/revisions"}],"predecessor-version":[{"id":5959,"href":"https:\/\/blogs.correiobraziliense.com.br\/vicente\/wp-json\/wp\/v2\/posts\/5958\/revisions\/5959"}],"wp:attachment":[{"href":"https:\/\/blogs.correiobraziliense.com.br\/vicente\/wp-json\/wp\/v2\/media?parent=5958"}],"wp:term":[{"taxonomy":"category","embeddable":true,"href":"https:\/\/blogs.correiobraziliense.com.br\/vicente\/wp-json\/wp\/v2\/categories?post=5958"},{"taxonomy":"post_tag","embeddable":true,"href":"https:\/\/blogs.correiobraziliense.com.br\/vicente\/wp-json\/wp\/v2\/tags?post=5958"}],"curies":[{"name":"wp","href":"https:\/\/api.w.org\/{rel}","templated":true}]}}