{"id":5950,"date":"2017-08-31T19:41:52","date_gmt":"2017-08-31T22:41:52","guid":{"rendered":"https:\/\/blogs.correiobraziliense.com.br\/vicente\/?p=5950"},"modified":"2017-08-31T19:41:52","modified_gmt":"2017-08-31T22:41:52","slug":"5950-2","status":"publish","type":"post","link":"https:\/\/blogs.correiobraziliense.com.br\/vicente\/5950-2\/","title":{"rendered":"Previs\u00e3o de sal\u00e1rio m\u00ednimo cai para R$ 969"},"content":{"rendered":"<p>POR ALESSANDRA AZEVEDO, ROSANA HESSEL E ANTONIO TEM\u00d3TEO<\/p>\n<p>&nbsp;<\/p>\n<p>O Projeto de Lei Or\u00e7ament\u00e1ria Anual (PLOA) de 2018 diminuiu o valor do sal\u00e1rio m\u00ednimo em rela\u00e7\u00e3o ao previsto\u00a0na Lei de Diretrizes Or\u00e7ament\u00e1rias (LDO), aprovada em julho pelo Congresso Nacional. A previs\u00e3o era que o sal\u00e1rio m\u00ednimo seria de R$ 979 no ano que vem, mas o PLOA reduziu para R$ 969.<\/p>\n<p>&nbsp;<\/p>\n<p>O projeto encaminhado nesta quinta-feira (31\/8) pelo Minist\u00e9rio do Planejamento tamb\u00e9m mudou\u00a0a expectativa para a taxa Selic m\u00e9dia. Prevista em 9% na\u00a0LDO, foi revisada para 8%.\u00a0De R$ 3,40, a taxa de cambio media foi revisada para R$ 3,20.<\/p>\n<p>&nbsp;<\/p>\n<p>O governo espera que o Produto Interno Bruto (PIB) cres\u00e7a 2% no ano que vem. A infla\u00e7\u00e3o, medida pelo \u00cdndice Nacional de Pre\u00e7os ao Consumidor Amplo (IPCA) deve atingir 4,2%.\u00a0O teto dos gastos ser\u00e1 de 3% de crescimento no ano que vem.<\/p>\n<p>&nbsp;<\/p>\n<p>&nbsp;<\/p>\n","protected":false},"excerpt":{"rendered":"<p>POR ALESSANDRA AZEVEDO, ROSANA HESSEL E ANTONIO TEM\u00d3TEO &nbsp; O Projeto de Lei Or\u00e7ament\u00e1ria Anual (PLOA) de 2018 diminuiu o valor do sal\u00e1rio m\u00ednimo em rela\u00e7\u00e3o ao previsto\u00a0na Lei de Diretrizes Or\u00e7ament\u00e1rias (LDO), aprovada em julho pelo Congresso Nacional. A previs\u00e3o era que o sal\u00e1rio m\u00ednimo seria de R$ 979 no ano que vem, mas [&hellip;]<\/p>\n","protected":false},"author":22,"featured_media":0,"comment_status":"open","ping_status":"closed","sticky":false,"template":"","format":"standard","meta":{"footnotes":""},"categories":[600],"tags":[150,549,2686],"class_list":["post-5950","post","type-post","status-publish","format-standard","hentry","category-economia","tag-ministerio-do-planejamento","tag-orcamento","tag-ploa"],"_links":{"self":[{"href":"https:\/\/blogs.correiobraziliense.com.br\/vicente\/wp-json\/wp\/v2\/posts\/5950","targetHints":{"allow":["GET"]}}],"collection":[{"href":"https:\/\/blogs.correiobraziliense.com.br\/vicente\/wp-json\/wp\/v2\/posts"}],"about":[{"href":"https:\/\/blogs.correiobraziliense.com.br\/vicente\/wp-json\/wp\/v2\/types\/post"}],"author":[{"embeddable":true,"href":"https:\/\/blogs.correiobraziliense.com.br\/vicente\/wp-json\/wp\/v2\/users\/22"}],"replies":[{"embeddable":true,"href":"https:\/\/blogs.correiobraziliense.com.br\/vicente\/wp-json\/wp\/v2\/comments?post=5950"}],"version-history":[{"count":1,"href":"https:\/\/blogs.correiobraziliense.com.br\/vicente\/wp-json\/wp\/v2\/posts\/5950\/revisions"}],"predecessor-version":[{"id":5952,"href":"https:\/\/blogs.correiobraziliense.com.br\/vicente\/wp-json\/wp\/v2\/posts\/5950\/revisions\/5952"}],"wp:attachment":[{"href":"https:\/\/blogs.correiobraziliense.com.br\/vicente\/wp-json\/wp\/v2\/media?parent=5950"}],"wp:term":[{"taxonomy":"category","embeddable":true,"href":"https:\/\/blogs.correiobraziliense.com.br\/vicente\/wp-json\/wp\/v2\/categories?post=5950"},{"taxonomy":"post_tag","embeddable":true,"href":"https:\/\/blogs.correiobraziliense.com.br\/vicente\/wp-json\/wp\/v2\/tags?post=5950"}],"curies":[{"name":"wp","href":"https:\/\/api.w.org\/{rel}","templated":true}]}}