{"id":5946,"date":"2017-08-31T16:16:02","date_gmt":"2017-08-31T19:16:02","guid":{"rendered":"https:\/\/blogs.correiobraziliense.com.br\/vicente\/?p=5946"},"modified":"2017-08-31T16:31:18","modified_gmt":"2017-08-31T19:31:18","slug":"novela-do-orcamento-continua-ate-na-entrega-de-peca-ficticia","status":"publish","type":"post","link":"https:\/\/blogs.correiobraziliense.com.br\/vicente\/novela-do-orcamento-continua-ate-na-entrega-de-peca-ficticia\/","title":{"rendered":"Novela do Or\u00e7amento continua at\u00e9 na entrega de pe\u00e7a fict\u00edcia"},"content":{"rendered":"<p>POR ROSANA HESSEL<\/p>\n<p>&nbsp;<\/p>\n<p class=\"p1\">A novela do Or\u00e7amento parece n\u00e3o ter fim. O presidente em exerc\u00edcio Rodrigo Maia viajou bem cedo na manh\u00e3 desta quinta-feira (31\/08) \u00a0para o Rio de Janeiro, n\u00e3o assinou o Projeto de Lei Or\u00e7ament\u00e1ria Anual (PLOA) e deixou a equipe econ\u00f4mica numa saia justa. A previs\u00e3o \u00e9 que isso ocorra \u00e0s 17h, quando Maia retornar\u00e1 a Bras\u00edlia. \u00c0s 19h30, uma coletiva no Minist\u00e9rio do Planejamento detalhar\u00e1 todos os pontos da proposta.<\/p>\n<p class=\"p1\">A proposta or\u00e7ament\u00e1ria, no entanto, \u00e9 fict\u00edcia porque tem R$ 30 bilh\u00f5es de receitas inexistentes porque o Congresso n\u00e3o concluiu a vota\u00e7\u00e3o do projeto de lei que altera as metas fiscais deste ano e do pr\u00f3ximo, para um rombo de R$ 159 bilh\u00f5es, o PLN 17\/2017, ap\u00f3s quase 11h de vota\u00e7\u00e3o.<\/p>\n<p class=\"p1\">A entrega da pe\u00e7a or\u00e7ament\u00e1ria estava prevista para ser entregue inicialmente ao presidente do Congresso Nacional, o senador Eun\u00edcio Oliveira (PMDB-CE) hoje \u00e0s 12h est\u00e1 sem hor\u00e1rio definido. O mesmo acontece com a cerim\u00f4nia prevista para o recebimento do PLOA na Comiss\u00e3o Mista de Or\u00e7amento (CMO), marcada para \u00e0s 16h, que tamb\u00e9m acabou sendo adiada. N\u00e3o foi informado os novos hor\u00e1rios. Todos aguardam a assinatura do documento pelo presidente.<\/p>\n<p class=\"p1\">Maia embarcou \u00e0s 8h para o Rio, onde participou de uma cerim\u00f4nia no Pal\u00e1cio Guanabara e retornou para a capital federal \u00e0s 15h30. A previs\u00e3o \u00e9 que ele desembarque \u00e0s 17h, quando dever\u00e1 assinar o Or\u00e7amento. Hoje \u00e9 o prazo limite para que o Executivo envie o PLOA ao Congresso. Como o ministro do Planejamento, Dyogo Oliveira, viajou para a China para se juntar \u00e0 comitiva do presidente Michel Temer, o secret\u00e1rio-executivo da pasta, Esteves Pedro Colnago Junior, ficou incumbido de entregar pessoalmente a pe\u00e7a or\u00e7ament\u00e1ria para o presidente do Congresso.<\/p>\n<p class=\"p1\"><strong>Estrat\u00e9gia<\/strong><\/p>\n<p class=\"p1\">O Minist\u00e9rio do Planejamento preparou dois PLOAs prevendo esse atraso e entregar\u00e1 hoje ao Legislativo um Or\u00e7amento com a meta antiga, de R$ 129 bilh\u00f5es de deficit prim\u00e1rio nas contas do governo federal de 2018. O texto base foi aprovado pela C\u00e2mara dos Deputados e pelo Senado, na madrugada de hoje, mas faltaram dois destaques para serem votados. Uma nova sess\u00e3o do Congresso foi marcada por Oliveira para a pr\u00f3xima ter\u00e7a-feira (05\/09).<\/p>\n<p class=\"p1\">Assim que for aprovado o PLN 17\/2017 pelas duas casas, ele segue para san\u00e7\u00e3o presidencial. A\u00ed, o Planejamento encaminha o segundo PLOA, com a nova meta fiscal, de R$ 159 bilh\u00f5es para o Congresso. A expectativa \u00e9 que isso ocorra na semana que vem.<\/p>\n<p class=\"p1\">O PLN 17\/2017 amplia o deficit previsto para as contas do governo federal deste ano, de R$ 139 bilh\u00f5es, em R$ 20 bilh\u00f5es, permitindo o descontingenciamento de parte dos R$ 45 bilh\u00f5es que est\u00e3o bloqueados no Or\u00e7amento de 2017. A expectativa do Planejamento \u00e9 liberar cerca de R$ 10 bilh\u00f5es.<\/p>\n","protected":false},"excerpt":{"rendered":"<p>POR ROSANA HESSEL &nbsp; A novela do Or\u00e7amento parece n\u00e3o ter fim. O presidente em exerc\u00edcio Rodrigo Maia viajou bem cedo na manh\u00e3 desta quinta-feira (31\/08) \u00a0para o Rio de Janeiro, n\u00e3o assinou o Projeto de Lei Or\u00e7ament\u00e1ria Anual (PLOA) e deixou a equipe econ\u00f4mica numa saia justa. A previs\u00e3o \u00e9 que isso ocorra \u00e0s [&hellip;]<\/p>\n","protected":false},"author":22,"featured_media":0,"comment_status":"open","ping_status":"closed","sticky":false,"template":"","format":"standard","meta":{"footnotes":""},"categories":[600],"tags":[76,150,549,2686,656],"class_list":["post-5946","post","type-post","status-publish","format-standard","hentry","category-economia","tag-deficit","tag-ministerio-do-planejamento","tag-orcamento","tag-ploa","tag-rodrigo-maia"],"_links":{"self":[{"href":"https:\/\/blogs.correiobraziliense.com.br\/vicente\/wp-json\/wp\/v2\/posts\/5946","targetHints":{"allow":["GET"]}}],"collection":[{"href":"https:\/\/blogs.correiobraziliense.com.br\/vicente\/wp-json\/wp\/v2\/posts"}],"about":[{"href":"https:\/\/blogs.correiobraziliense.com.br\/vicente\/wp-json\/wp\/v2\/types\/post"}],"author":[{"embeddable":true,"href":"https:\/\/blogs.correiobraziliense.com.br\/vicente\/wp-json\/wp\/v2\/users\/22"}],"replies":[{"embeddable":true,"href":"https:\/\/blogs.correiobraziliense.com.br\/vicente\/wp-json\/wp\/v2\/comments?post=5946"}],"version-history":[{"count":2,"href":"https:\/\/blogs.correiobraziliense.com.br\/vicente\/wp-json\/wp\/v2\/posts\/5946\/revisions"}],"predecessor-version":[{"id":5948,"href":"https:\/\/blogs.correiobraziliense.com.br\/vicente\/wp-json\/wp\/v2\/posts\/5946\/revisions\/5948"}],"wp:attachment":[{"href":"https:\/\/blogs.correiobraziliense.com.br\/vicente\/wp-json\/wp\/v2\/media?parent=5946"}],"wp:term":[{"taxonomy":"category","embeddable":true,"href":"https:\/\/blogs.correiobraziliense.com.br\/vicente\/wp-json\/wp\/v2\/categories?post=5946"},{"taxonomy":"post_tag","embeddable":true,"href":"https:\/\/blogs.correiobraziliense.com.br\/vicente\/wp-json\/wp\/v2\/tags?post=5946"}],"curies":[{"name":"wp","href":"https:\/\/api.w.org\/{rel}","templated":true}]}}