{"id":5932,"date":"2017-08-31T10:58:48","date_gmt":"2017-08-31T13:58:48","guid":{"rendered":"https:\/\/blogs.correiobraziliense.com.br\/vicente\/?p=5932"},"modified":"2017-08-31T13:27:06","modified_gmt":"2017-08-31T16:27:06","slug":"gasolina-ficara-42-mais-cara-partir-de-1o-de-setembro","status":"publish","type":"post","link":"https:\/\/blogs.correiobraziliense.com.br\/vicente\/gasolina-ficara-42-mais-cara-partir-de-1o-de-setembro\/","title":{"rendered":"Gasolina ficar\u00e1 4,2% mais cara a partir de 1\u00ba de setembro"},"content":{"rendered":"<h2>Se voc\u00ea est\u00e1 assustado com os pre\u00e7os da gasolina, pode preparar o bolso. A partir desta sexta-feira, 1\u00ba de setembro, o litro do combust\u00edvel ficar\u00e1 4,2% mais caro nas refinarias, aumento que, certamente, ser\u00e1 repassado para as bombas.<\/h2>\n<p>&nbsp;<\/p>\n<p>O reajuste da gasolina foi anunciado pela Petrobras nesta quinta-feira, 31 de agosto, e foi o maior desde que a estatal mudou, em 3 de julho, a sua pol\u00edtica de pre\u00e7os, com varia\u00e7\u00f5es quase que di\u00e1rias. Desde ent\u00e3o, o valor da gasolina nas refinarias j\u00e1 subiu 10,1%.Em agosto, especificamente, a\u00a0gasolina teve alta de 7,31%.<\/p>\n<p>&nbsp;<\/p>\n<p>Nos postos do Distrito Federal, os pre\u00e7os da gasolina t\u00eam variando, na m\u00e9dia, em R$ 3,97. Mas h\u00e1 estabelecimentos cobrando at\u00e9 R$ 4,09. H\u00e1 suspeitas de que os postos voltaram a combinar pre\u00e7os, caracteriza\u00e7\u00e3o pratica de cartel, que foi combatida pelo Minist\u00e9rio P\u00fablico, pela Pol\u00edcia Federal e pelo Conselho Administrativo de Defesa da Concorr\u00eancia (Cade).<\/p>\n<p>&nbsp;<\/p>\n<p>Seguindo a pol\u00edtica de ajustes quase que di\u00e1rios nos pre\u00e7os, a Petrobras anunciou que o diesel tamb\u00e9m ficar\u00e1 mais caro: 0,8%. Desde o in\u00edcio de julho, o combust\u00edvel acumula alta de 12,37%. Quando o diesel sobe, os fretes de mercadorias tamb\u00e9m se elevam, encarecendo as mercadorias que transitam pelas estradas do pa\u00eds.<\/p>\n<p>&nbsp;<\/p>\n<p><strong>Peso no or\u00e7amento<\/strong><\/p>\n<p>&nbsp;<\/p>\n<p>N\u00e3o \u00e0 toa, os consumidores t\u00eam reclamado muito. Alegam que os pre\u00e7os dos combust\u00edveis subiram demais nos \u00faltimos dois meses, estragando o or\u00e7amento das fam\u00edlias. V\u00e1rios consumidores foram obrigados a deixar os carros nas garagens, pois n\u00e3o conseguem mais encher o tanque todas as semanas.<\/p>\n<p>&nbsp;<\/p>\n<p>O problema \u00e9 que o transporte p\u00fablico no Distrito Federal \u00e9 um horror. E caro. Os \u00f4nibus n\u00e3o circulam por todas as \u00e1reas e o metr\u00f4 \u00e9 limitado. Ou seja, os motoristas est\u00e3o ficando sem op\u00e7\u00e3o. N\u00e3o conseguem tirar o carro da garagem, por falta de recursos, mas tamb\u00e9m n\u00e3o t\u00eam acesso a um transporte p\u00fablico de qualidade. Assim, fica muito dif\u00edcil.<\/p>\n","protected":false},"excerpt":{"rendered":"<p>Se voc\u00ea est\u00e1 assustado com os pre\u00e7os da gasolina, pode preparar o bolso. A partir desta sexta-feira, 1\u00ba de setembro, o litro do combust\u00edvel ficar\u00e1 4,2% mais caro nas refinarias, aumento que, certamente, ser\u00e1 repassado para as bombas. &nbsp; O reajuste da gasolina foi anunciado pela Petrobras nesta quinta-feira, 31 de agosto, e foi o [&hellip;]<\/p>\n","protected":false},"author":22,"featured_media":0,"comment_status":"open","ping_status":"closed","sticky":false,"template":"","format":"standard","meta":{"footnotes":""},"categories":[600],"tags":[2187,268,228,1961,269,264,1960],"class_list":["post-5932","post","type-post","status-publish","format-standard","hentry","category-economia","tag-cartel","tag-gasolina","tag-petrobras","tag-postos","tag-preco","tag-reajuste","tag-refinarias"],"_links":{"self":[{"href":"https:\/\/blogs.correiobraziliense.com.br\/vicente\/wp-json\/wp\/v2\/posts\/5932","targetHints":{"allow":["GET"]}}],"collection":[{"href":"https:\/\/blogs.correiobraziliense.com.br\/vicente\/wp-json\/wp\/v2\/posts"}],"about":[{"href":"https:\/\/blogs.correiobraziliense.com.br\/vicente\/wp-json\/wp\/v2\/types\/post"}],"author":[{"embeddable":true,"href":"https:\/\/blogs.correiobraziliense.com.br\/vicente\/wp-json\/wp\/v2\/users\/22"}],"replies":[{"embeddable":true,"href":"https:\/\/blogs.correiobraziliense.com.br\/vicente\/wp-json\/wp\/v2\/comments?post=5932"}],"version-history":[{"count":4,"href":"https:\/\/blogs.correiobraziliense.com.br\/vicente\/wp-json\/wp\/v2\/posts\/5932\/revisions"}],"predecessor-version":[{"id":5936,"href":"https:\/\/blogs.correiobraziliense.com.br\/vicente\/wp-json\/wp\/v2\/posts\/5932\/revisions\/5936"}],"wp:attachment":[{"href":"https:\/\/blogs.correiobraziliense.com.br\/vicente\/wp-json\/wp\/v2\/media?parent=5932"}],"wp:term":[{"taxonomy":"category","embeddable":true,"href":"https:\/\/blogs.correiobraziliense.com.br\/vicente\/wp-json\/wp\/v2\/categories?post=5932"},{"taxonomy":"post_tag","embeddable":true,"href":"https:\/\/blogs.correiobraziliense.com.br\/vicente\/wp-json\/wp\/v2\/tags?post=5932"}],"curies":[{"name":"wp","href":"https:\/\/api.w.org\/{rel}","templated":true}]}}