{"id":5900,"date":"2017-08-30T11:25:42","date_gmt":"2017-08-30T14:25:42","guid":{"rendered":"https:\/\/blogs.correiobraziliense.com.br\/vicente\/?p=5900"},"modified":"2017-08-30T11:46:42","modified_gmt":"2017-08-30T14:46:42","slug":"em-12-meses-rombo-do-setor-publico-chega-r-1705-bilhoes-em-julho","status":"publish","type":"post","link":"https:\/\/blogs.correiobraziliense.com.br\/vicente\/em-12-meses-rombo-do-setor-publico-chega-r-1705-bilhoes-em-julho\/","title":{"rendered":"Em 12 meses, rombo do setor p\u00fablico chega a R$ 170,5 bilh\u00f5es em julho"},"content":{"rendered":"<p>POR ANTONIO TEM\u00d3TEO<\/p>\n<p>&nbsp;<\/p>\n<p class=\"p1\">O rombo nas contas do setor p\u00fablico consolidado chegou a R$ 170,5 bilh\u00f5es nos \u00faltimos 12 meses encerrados em julho, conforme dados divulgados pelo Banco Central (BC). A nova meta definida pelo governo, que ainda ser\u00e1 apreciada pelo Congresso Nacional, prev\u00ea um deficit total de R$ 163,1 bilh\u00f5es.<\/p>\n<p class=\"p1\">Somente o governo central, que leva em conta o resultado do BC, do Tesouro Nacional e do Instituto Nacional do Seguro Social (INSS), o rombo chegou a R$ 182,3 bilh\u00f5es, o equivalente a R$ 2,85% do Produto Interno Bruto (PIB). O alvo a ser perseguido pela equipe econ\u00f4mica \u00e9 de uma necessidade de financiamento de R$ 159 bilh\u00f5es.<\/p>\n<p class=\"p1\">O buraco nas finan\u00e7as da administra\u00e7\u00e3o p\u00fablica s\u00f3 \u00e9 menor porque os governos regionais registraram superavit de R$ 10,4 bilh\u00f5es, enquanto as estatais contribu\u00edram positivamente com R$ 1,8 bilh\u00e3o. Resta saber se o governo conseguir\u00e1 cumprir a meta prevista com a ajuda de receitas extraordin\u00e1rias.<\/p>\n<p class=\"p1\">A sequ\u00eancia de resultados negativos levou a d\u00edvida bruta ao maior patamar da hist\u00f3ria em julho, o equivalente a 73,8% do PIB. De m\u00e3os atadas, o governo aposta em um pacote de concess\u00f5es e privatiza\u00e7\u00f5es para n\u00e3o incorrer em crime de responsabilidade fiscal, o mesmo que levou a ex-presidente Dilma Rousseff a perder o mandato.<\/p>\n","protected":false},"excerpt":{"rendered":"<p>POR ANTONIO TEM\u00d3TEO &nbsp; O rombo nas contas do setor p\u00fablico consolidado chegou a R$ 170,5 bilh\u00f5es nos \u00faltimos 12 meses encerrados em julho, conforme dados divulgados pelo Banco Central (BC). A nova meta definida pelo governo, que ainda ser\u00e1 apreciada pelo Congresso Nacional, prev\u00ea um deficit total de R$ 163,1 bilh\u00f5es. Somente o governo [&hellip;]<\/p>\n","protected":false},"author":22,"featured_media":0,"comment_status":"open","ping_status":"closed","sticky":false,"template":"","format":"standard","meta":{"footnotes":""},"categories":[600],"tags":[1732,106,2082,177,2664,541,2562,2663],"class_list":["post-5900","post","type-post","status-publish","format-standard","hentry","category-economia","tag-banco-central-bc","tag-bc","tag-deficit-fiscal","tag-estatais","tag-governos-regionais","tag-rombo","tag-rombo-nas-contas-publicas","tag-setor-publico-consolidado"],"_links":{"self":[{"href":"https:\/\/blogs.correiobraziliense.com.br\/vicente\/wp-json\/wp\/v2\/posts\/5900","targetHints":{"allow":["GET"]}}],"collection":[{"href":"https:\/\/blogs.correiobraziliense.com.br\/vicente\/wp-json\/wp\/v2\/posts"}],"about":[{"href":"https:\/\/blogs.correiobraziliense.com.br\/vicente\/wp-json\/wp\/v2\/types\/post"}],"author":[{"embeddable":true,"href":"https:\/\/blogs.correiobraziliense.com.br\/vicente\/wp-json\/wp\/v2\/users\/22"}],"replies":[{"embeddable":true,"href":"https:\/\/blogs.correiobraziliense.com.br\/vicente\/wp-json\/wp\/v2\/comments?post=5900"}],"version-history":[{"count":4,"href":"https:\/\/blogs.correiobraziliense.com.br\/vicente\/wp-json\/wp\/v2\/posts\/5900\/revisions"}],"predecessor-version":[{"id":5904,"href":"https:\/\/blogs.correiobraziliense.com.br\/vicente\/wp-json\/wp\/v2\/posts\/5900\/revisions\/5904"}],"wp:attachment":[{"href":"https:\/\/blogs.correiobraziliense.com.br\/vicente\/wp-json\/wp\/v2\/media?parent=5900"}],"wp:term":[{"taxonomy":"category","embeddable":true,"href":"https:\/\/blogs.correiobraziliense.com.br\/vicente\/wp-json\/wp\/v2\/categories?post=5900"},{"taxonomy":"post_tag","embeddable":true,"href":"https:\/\/blogs.correiobraziliense.com.br\/vicente\/wp-json\/wp\/v2\/tags?post=5900"}],"curies":[{"name":"wp","href":"https:\/\/api.w.org\/{rel}","templated":true}]}}