{"id":5879,"date":"2017-08-26T14:01:14","date_gmt":"2017-08-26T17:01:14","guid":{"rendered":"https:\/\/blogs.correiobraziliense.com.br\/vicente\/?p=5879"},"modified":"2017-08-26T14:47:27","modified_gmt":"2017-08-26T17:47:27","slug":"servidores-ja-devem-r-173-bi-aos-bancos-so-com-consignado","status":"publish","type":"post","link":"https:\/\/blogs.correiobraziliense.com.br\/vicente\/servidores-ja-devem-r-173-bi-aos-bancos-so-com-consignado\/","title":{"rendered":"Servidores j\u00e1 devem R$ 173 bi aos bancos s\u00f3 com consignado"},"content":{"rendered":"<h2>Os bancos acenderam o sinal de alerta. Num momento em que o governo federal prop\u00f5e o adiamento dos reajustes dos servidores de 2018 para 2019 e corte de benef\u00edcios e os governos estaduais atrasam o pagamento de sal\u00e1rios, as d\u00edvidas do funcionalismo p\u00fablico chegaram a R$ 173 bilh\u00f5es &#8212; um recorde &#8212; apenas com o consignado, quase 10 vezes mais do que os d\u00e9bitos dos trabalhadores da iniciativa privada, de R$ 18,1 bilh\u00f5es.<\/h2>\n<p>&nbsp;<\/p>\n<p>Somente neste ano, as d\u00edvidas dos servidores no consignado aumentaram R$ 5 bilh\u00f5es, ou R$ 715,6 milh\u00f5es por m\u00eas. O problema \u00e9 que muitos servidores n\u00e3o devem apenas no consignado, cujo desconto das presta\u00e7\u00f5es \u00e9 feito no contracheque. Eles tamb\u00e9m est\u00e3o atolados no cart\u00e3o de cr\u00e9dito e no cheque especial. H\u00e1 relatos de servidores que t\u00eam, no m\u00e1ximo, 20% do sal\u00e1rio l\u00edquido dispon\u00edveis para bancar todas as demais despesas.<\/p>\n<p>&nbsp;<\/p>\n<p>&#8220;O superendividamento do funcionalismo \u00e9 uma realidade&#8221;, afirma um t\u00e9cnico da Esplanada dos Minist\u00e9rios. Segundo ele, h\u00e1 casos dram\u00e1ticos, de pessoas que j\u00e1 esgotaram os limites de cr\u00e9dito dos bancos e est\u00e3o vivendo com empr\u00e9stimos concedidos por agiotas. &#8220;Isso \u00e9 uma realidade, por mais que queiram mascarar a situa\u00e7\u00e3o&#8221;, acrescenta. A estabilidade no emprego cria a ilus\u00e3o de que nunca faltar\u00e1 dinheiro.<\/p>\n<p>&nbsp;<\/p>\n<p><strong>Guerra por clientes<\/strong><\/p>\n<p>&nbsp;<\/p>\n<p>Agora preocupados, os bancos foram os maiores incentivadores do endividamento dos servidores. Montaram verdadeiras estruturas de guerra para oferecerem empr\u00e9stimos a esse p\u00fablico. Sempre acreditaram que, como n\u00e3o podem ser demitidos, os servidores apresentavam riscos muito baixos de inadimpl\u00eancia. A crise fiscal no setor p\u00fablico mostrou, no entanto, que a realidade mudou muito. H\u00e1 s\u00e9rios atrasos de sal\u00e1rios Brasil afora.<\/p>\n<p>&nbsp;<\/p>\n<p>A preocupa\u00e7\u00e3o dos bancos n\u00e3o \u00e9 de todo descabida. Dados do Banco Centra mostram que o \u00edndice de calote no cr\u00e9dito consignado dos servidores aumentou 0,3 ponto percentual nos \u00faltimos 12 meses, para 2,5%. Esse \u00edndice \u00e9 maior do que o 1,9% observado entre os aposentados e pensionistas do Instituto Nacional do Seguro Social (INSS).<\/p>\n<p>&nbsp;<\/p>\n<p>Os juros do cr\u00e9dito consignado aos servidores v\u00eam se mantendo praticamente est\u00e1veis. Pelos c\u00e1lculos do Banco Central, est\u00e3o em 25,9% ao ano. S\u00e3o os mais baixos do mercado. Entre os trabalhadores da iniciativa privada, os encargos m\u00e9dios chegam a 42,1% anuais.<\/p>\n<p>&nbsp;<\/p>\n<p><em>Bras\u00edlia, 14h01min<\/em><\/p>\n","protected":false},"excerpt":{"rendered":"<p>Os bancos acenderam o sinal de alerta. Num momento em que o governo federal prop\u00f5e o adiamento dos reajustes dos servidores de 2018 para 2019 e corte de benef\u00edcios e os governos estaduais atrasam o pagamento de sal\u00e1rios, as d\u00edvidas do funcionalismo p\u00fablico chegaram a R$ 173 bilh\u00f5es &#8212; um recorde &#8212; apenas com o [&hellip;]<\/p>\n","protected":false},"author":22,"featured_media":0,"comment_status":"open","ping_status":"closed","sticky":false,"template":"","format":"standard","meta":{"footnotes":""},"categories":[600],"tags":[2640,166,181,123],"class_list":["post-5879","post","type-post","status-publish","format-standard","hentry","category-economia","tag-consigado","tag-endividamento","tag-recorde","tag-servidores"],"_links":{"self":[{"href":"https:\/\/blogs.correiobraziliense.com.br\/vicente\/wp-json\/wp\/v2\/posts\/5879","targetHints":{"allow":["GET"]}}],"collection":[{"href":"https:\/\/blogs.correiobraziliense.com.br\/vicente\/wp-json\/wp\/v2\/posts"}],"about":[{"href":"https:\/\/blogs.correiobraziliense.com.br\/vicente\/wp-json\/wp\/v2\/types\/post"}],"author":[{"embeddable":true,"href":"https:\/\/blogs.correiobraziliense.com.br\/vicente\/wp-json\/wp\/v2\/users\/22"}],"replies":[{"embeddable":true,"href":"https:\/\/blogs.correiobraziliense.com.br\/vicente\/wp-json\/wp\/v2\/comments?post=5879"}],"version-history":[{"count":1,"href":"https:\/\/blogs.correiobraziliense.com.br\/vicente\/wp-json\/wp\/v2\/posts\/5879\/revisions"}],"predecessor-version":[{"id":5880,"href":"https:\/\/blogs.correiobraziliense.com.br\/vicente\/wp-json\/wp\/v2\/posts\/5879\/revisions\/5880"}],"wp:attachment":[{"href":"https:\/\/blogs.correiobraziliense.com.br\/vicente\/wp-json\/wp\/v2\/media?parent=5879"}],"wp:term":[{"taxonomy":"category","embeddable":true,"href":"https:\/\/blogs.correiobraziliense.com.br\/vicente\/wp-json\/wp\/v2\/categories?post=5879"},{"taxonomy":"post_tag","embeddable":true,"href":"https:\/\/blogs.correiobraziliense.com.br\/vicente\/wp-json\/wp\/v2\/tags?post=5879"}],"curies":[{"name":"wp","href":"https:\/\/api.w.org\/{rel}","templated":true}]}}