{"id":5875,"date":"2017-08-25T18:06:26","date_gmt":"2017-08-25T21:06:26","guid":{"rendered":"https:\/\/blogs.correiobraziliense.com.br\/vicente\/?p=5875"},"modified":"2017-08-25T18:41:41","modified_gmt":"2017-08-25T21:41:41","slug":"servidores-do-legislativo-ficam-apreensivos-com-suposta-mp-da-frunpresp","status":"publish","type":"post","link":"https:\/\/blogs.correiobraziliense.com.br\/vicente\/servidores-do-legislativo-ficam-apreensivos-com-suposta-mp-da-frunpresp\/","title":{"rendered":"Servidores do Legislativo ficam apreensivos com suposta MP da Funpresp"},"content":{"rendered":"<h2>ALESSANDRA AZEVEDO<\/h2>\n<h2><\/h2>\n<h2>O an\u00fancio de que o governo vai mexer na Previd\u00eancia dos servidores p\u00fablicos gerou uma movimenta\u00e7\u00e3o at\u00edpica nesta sexta-feira (25\/8) no Senado Federal e na C\u00e2mara dos Deputados. Funcion\u00e1rios do Legislativo se apressam para fazer a migra\u00e7\u00e3o do Regime Pr\u00f3prio de Previd\u00eancia Social (RPPS) para a Funda\u00e7\u00e3o de Previd\u00eancia Complementar do Servidor P\u00fablico Federal (Funpresp), com medo de que o governo envie, nesta segunda-feira, uma medida provis\u00f3ria proibindo a troca, com o objetivo de evitar debandada e comprometer o resultado fiscal.<\/h2>\n<h2><\/h2>\n<p>Essa mudan\u00e7a seria inclu\u00edda na MP que aumentar\u00e1 a al\u00edquota de contribui\u00e7\u00e3o dos servidores de 11% para 14%, anunciada pela equipe econ\u00f4mica na semana passada. Fontes do governo afirmam que a al\u00edquota ser\u00e1 revisada j\u00e1 nos primeiros dias da semana que vem, mas o Minist\u00e9rio do Planejamento garantiu que a medida em quest\u00e3o n\u00e3o incluir\u00e1 men\u00e7\u00e3o alguma \u00e0 Funpresp. &#8220;A migra\u00e7\u00e3o (entre os regimes) est\u00e1 dispon\u00edvel at\u00e9 o dia 27 de julho de 2018&#8221;, refor\u00e7ou.<\/p>\n<p>&nbsp;<\/p>\n<p>Embora a pasta negue expressamente a possibilidade &#8212; lembrando, inclusive, que o prazo para migra\u00e7\u00e3o foi estendido recentemente &#8211;, os servidores n\u00e3o t\u00eam seguran\u00e7a do que vem pela frente, depois de tantos an\u00fancios de ajustes.<\/p>\n<p>&nbsp;<\/p>\n<p>A Funpresp n\u00e3o divulgou quantas pessoas decidiram pela migra\u00e7\u00e3o nos \u00faltimos dois dias. Funcion\u00e1rios da C\u00e2mara, no entanto, afirmam que o movimento foi &#8220;muito acima do normal&#8221;. Alguns estimam que mais de 100 servidores estiveram no local nos \u00faltimos dias. Pelo menos 300 migraram do RPPS para a Funpresp este ano, segundo fonte da funda\u00e7\u00e3o.<\/p>\n<p>&nbsp;<\/p>\n<p>Preocupado com os boatos, o minist\u00e9rio do Planejamento deve lan\u00e7ar um site para &#8220;desmentir fal\u00e1cias&#8221; sobre as medidas de moderniza\u00e7\u00e3o da gest\u00e3o de pessoas no servi\u00e7o p\u00fablico federal. A previs\u00e3o \u00e9 de que a p\u00e1gina entre no ar nas pr\u00f3ximas tr\u00eas semanas.<\/p>\n<p>&nbsp;<\/p>\n<p><strong>Funpresp<\/strong><\/p>\n<p>&nbsp;<\/p>\n<p>Optar pela Funpresp, o fundo de pens\u00e3o dos servidores federais, \u00e9 uma op\u00e7\u00e3o para quem pretende receber acima do teto do Instituto Nacional do Seguro Social (INSS) quando se aposentar. \u00c9 uma esp\u00e9cie de &#8220;poupan\u00e7a previdenci\u00e1ria&#8221;. A migra\u00e7\u00e3o \u00e9 a \u00fanica forma que o servidor empossado antes de fevereiro de 2013 tem de aderir \u00e0 Funpresp com direito \u00e0 contrapartida da Uni\u00e3o, que dobra o valor da contribui\u00e7\u00e3o do servidor. A cada R$ 1 colocado nesse fundo, o governo deposita a mesma quantia para complementar o valor do benef\u00edcio. Passado o prazo, s\u00f3 ter\u00e1 direito a isso quem entrou depois dessa data. Os demais que resolverem aderir n\u00e3o ter\u00e3o a parte patronal.<\/p>\n","protected":false},"excerpt":{"rendered":"<p>ALESSANDRA AZEVEDO O an\u00fancio de que o governo vai mexer na Previd\u00eancia dos servidores p\u00fablicos gerou uma movimenta\u00e7\u00e3o at\u00edpica nesta sexta-feira (25\/8) no Senado Federal e na C\u00e2mara dos Deputados. Funcion\u00e1rios do Legislativo se apressam para fazer a migra\u00e7\u00e3o do Regime Pr\u00f3prio de Previd\u00eancia Social (RPPS) para a Funda\u00e7\u00e3o de Previd\u00eancia Complementar do Servidor P\u00fablico [&hellip;]<\/p>\n","protected":false},"author":22,"featured_media":0,"comment_status":"open","ping_status":"closed","sticky":false,"template":"","format":"standard","meta":{"footnotes":""},"categories":[600],"tags":[1311,1189,438,733],"class_list":["post-5875","post","type-post","status-publish","format-standard","hentry","category-economia","tag-assembleia-legislativa-do-piaui","tag-funpresp","tag-legislativo","tag-rpps"],"_links":{"self":[{"href":"https:\/\/blogs.correiobraziliense.com.br\/vicente\/wp-json\/wp\/v2\/posts\/5875","targetHints":{"allow":["GET"]}}],"collection":[{"href":"https:\/\/blogs.correiobraziliense.com.br\/vicente\/wp-json\/wp\/v2\/posts"}],"about":[{"href":"https:\/\/blogs.correiobraziliense.com.br\/vicente\/wp-json\/wp\/v2\/types\/post"}],"author":[{"embeddable":true,"href":"https:\/\/blogs.correiobraziliense.com.br\/vicente\/wp-json\/wp\/v2\/users\/22"}],"replies":[{"embeddable":true,"href":"https:\/\/blogs.correiobraziliense.com.br\/vicente\/wp-json\/wp\/v2\/comments?post=5875"}],"version-history":[{"count":2,"href":"https:\/\/blogs.correiobraziliense.com.br\/vicente\/wp-json\/wp\/v2\/posts\/5875\/revisions"}],"predecessor-version":[{"id":5877,"href":"https:\/\/blogs.correiobraziliense.com.br\/vicente\/wp-json\/wp\/v2\/posts\/5875\/revisions\/5877"}],"wp:attachment":[{"href":"https:\/\/blogs.correiobraziliense.com.br\/vicente\/wp-json\/wp\/v2\/media?parent=5875"}],"wp:term":[{"taxonomy":"category","embeddable":true,"href":"https:\/\/blogs.correiobraziliense.com.br\/vicente\/wp-json\/wp\/v2\/categories?post=5875"},{"taxonomy":"post_tag","embeddable":true,"href":"https:\/\/blogs.correiobraziliense.com.br\/vicente\/wp-json\/wp\/v2\/tags?post=5875"}],"curies":[{"name":"wp","href":"https:\/\/api.w.org\/{rel}","templated":true}]}}