{"id":5865,"date":"2017-08-25T12:15:54","date_gmt":"2017-08-25T15:15:54","guid":{"rendered":"https:\/\/blogs.correiobraziliense.com.br\/vicente\/?p=5865"},"modified":"2017-08-25T13:04:23","modified_gmt":"2017-08-25T16:04:23","slug":"governo-do-df-fixa-preco-da-gasolina-em-r-399-para-cobrar-imposto","status":"publish","type":"post","link":"https:\/\/blogs.correiobraziliense.com.br\/vicente\/governo-do-df-fixa-preco-da-gasolina-em-r-399-para-cobrar-imposto\/","title":{"rendered":"Governo do DF fixa pre\u00e7o da gasolina em R$ 3,99 para cobrar imposto"},"content":{"rendered":"<h2>O Governo do Distrito Federal encerrou uma pesquisa no mercado de combust\u00edveis e constatou que a grande maioria dos postos aumentou as margens de lucros, punindo os consumidores. H\u00e1 estabelecimentos vendendo o litro da gasolina por at\u00e9 R$ 4,09, mas pagando Imposto sobre Circula\u00e7\u00e3o de Mercadorias e Servi\u00e7os (ICMS) sobre R$ 3,818. Ou seja, como sobre a diferen\u00e7a entre esses valores n\u00e3o incide o ICMS, os empres\u00e1rios embolsam os ganhos, abusando dos motoristas.<\/h2>\n<p>&nbsp;<\/p>\n<p>Segundo documento ao qual o <strong>Blog<\/strong> teve acesso, a partir de 1\u00ba de setembro, o valor de refer\u00eancia para tributa\u00e7\u00e3o da gasolina ser\u00e1 de R$ 3,990. Esse valor foi encaminhado ao Conselho Nacional de Pol\u00edtica Fazend\u00e1ria (Confaz), que deve chancelar os pre\u00e7os definidos pelos estados e pelo Distrito Federal. A atualiza\u00e7\u00e3o das tabelas para cobran\u00e7a do ICMS \u00e9 feita a cada 15 dias.<\/p>\n<p>&nbsp;<\/p>\n<p><a href=\"https:\/\/blogs.correiobraziliense.com.br\/vicente\/wp-content\/uploads\/sites\/16\/2017\/08\/TabelaConfazGDF.jpg\" rel=\"attachment wp-att-5866\"><img loading=\"lazy\" decoding=\"async\" class=\"alignnone size-full wp-image-5866\" src=\"https:\/\/blogs.correiobraziliense.com.br\/vicente\/wp-content\/uploads\/sites\/16\/2017\/08\/TabelaConfazGDF.jpg\" alt=\"TabelaConfazGDF\" width=\"1032\" height=\"581\" srcset=\"https:\/\/blogs.correiobraziliense.com.br\/vicente\/wp-content\/uploads\/sites\/16\/2017\/08\/TabelaConfazGDF.jpg 1032w, https:\/\/blogs.correiobraziliense.com.br\/vicente\/wp-content\/uploads\/sites\/16\/2017\/08\/TabelaConfazGDF-300x169.jpg 300w, https:\/\/blogs.correiobraziliense.com.br\/vicente\/wp-content\/uploads\/sites\/16\/2017\/08\/TabelaConfazGDF-768x432.jpg 768w, https:\/\/blogs.correiobraziliense.com.br\/vicente\/wp-content\/uploads\/sites\/16\/2017\/08\/TabelaConfazGDF-1024x576.jpg 1024w, https:\/\/blogs.correiobraziliense.com.br\/vicente\/wp-content\/uploads\/sites\/16\/2017\/08\/TabelaConfazGDF-350x197.jpg 350w, https:\/\/blogs.correiobraziliense.com.br\/vicente\/wp-content\/uploads\/sites\/16\/2017\/08\/TabelaConfazGDF-550x310.jpg 550w, https:\/\/blogs.correiobraziliense.com.br\/vicente\/wp-content\/uploads\/sites\/16\/2017\/08\/TabelaConfazGDF-230x129.jpg 230w\" sizes=\"auto, (max-width: 1032px) 100vw, 1032px\" \/><\/a><\/p>\n<p>&nbsp;<\/p>\n<p>Ao fixar R$ 3,990 como pre\u00e7o de refer\u00eancia para a cobran\u00e7a de ICMS sobre a gasolina comum, o GDF acredita que conseguir\u00e1 evitar abusos entre os postos e reduzir a margem de ganho dos estabelecimentos. H\u00e1 suspeitas de que o cartel que combina pre\u00e7os esteja de volta. O Minist\u00e9rio P\u00fablico, por sinal, j\u00e1 abriu uma nova frente de investiga\u00e7\u00e3o.<\/p>\n<p>&nbsp;<\/p>\n<p><strong>Bom s\u00f3 para os empres\u00e1rios<\/strong><\/p>\n<p>&nbsp;<\/p>\n<p>Os pre\u00e7os dos combust\u00edveis em Bras\u00edlia s\u00e3o considerados abusivos. Durante um longo per\u00edodo, os postos embutiram nas bombas um adicional sobre os pre\u00e7os, que resultavam em ganho extra superior a R$ 1 bilh\u00e3o por ano. Foi preciso que a Pol\u00edcia Federal, o Minist\u00e9rio P\u00fablico e o Conselho Administrativo de Defesa da Concorr\u00eancia (Cade) se unissem e deflagrassem uma opera\u00e7\u00e3o para que a farra acabasse. Pouco tempo depois, os valores da gasolina baixaram.<\/p>\n<p>&nbsp;<\/p>\n<p>Depois da decis\u00e3o do governo federal de elevar o PIS e a Confins sobre os combust\u00edveis, os postos de Bras\u00edlia voltaram a se articular num movimento considerado &#8220;indecente&#8221; pelo secret\u00e1rio interino de Fazenda, Wilson de Paula. Ele acredita que &#8220;o cartel de pre\u00e7os voltou mais forte do que nunca&#8221;. Quem perde com isso, como sempre, s\u00e3o os consumidores.<\/p>\n<p>&nbsp;<\/p>\n<p><em>Bras\u00edlia, 12h15min<\/em><\/p>\n","protected":false},"excerpt":{"rendered":"<p>O Governo do Distrito Federal encerrou uma pesquisa no mercado de combust\u00edveis e constatou que a grande maioria dos postos aumentou as margens de lucros, punindo os consumidores. H\u00e1 estabelecimentos vendendo o litro da gasolina por at\u00e9 R$ 4,09, mas pagando Imposto sobre Circula\u00e7\u00e3o de Mercadorias e Servi\u00e7os (ICMS) sobre R$ 3,818. Ou seja, como [&hellip;]<\/p>\n","protected":false},"author":22,"featured_media":0,"comment_status":"open","ping_status":"closed","sticky":false,"template":"","format":"standard","meta":{"footnotes":""},"categories":[600],"tags":[998,2406,2407,268,467,269,2635],"class_list":["post-5865","post","type-post","status-publish","format-standard","hentry","category-economia","tag-combustiveis","tag-distrito","tag-federal","tag-gasolina","tag-governo","tag-preco","tag-referencia"],"_links":{"self":[{"href":"https:\/\/blogs.correiobraziliense.com.br\/vicente\/wp-json\/wp\/v2\/posts\/5865","targetHints":{"allow":["GET"]}}],"collection":[{"href":"https:\/\/blogs.correiobraziliense.com.br\/vicente\/wp-json\/wp\/v2\/posts"}],"about":[{"href":"https:\/\/blogs.correiobraziliense.com.br\/vicente\/wp-json\/wp\/v2\/types\/post"}],"author":[{"embeddable":true,"href":"https:\/\/blogs.correiobraziliense.com.br\/vicente\/wp-json\/wp\/v2\/users\/22"}],"replies":[{"embeddable":true,"href":"https:\/\/blogs.correiobraziliense.com.br\/vicente\/wp-json\/wp\/v2\/comments?post=5865"}],"version-history":[{"count":1,"href":"https:\/\/blogs.correiobraziliense.com.br\/vicente\/wp-json\/wp\/v2\/posts\/5865\/revisions"}],"predecessor-version":[{"id":5867,"href":"https:\/\/blogs.correiobraziliense.com.br\/vicente\/wp-json\/wp\/v2\/posts\/5865\/revisions\/5867"}],"wp:attachment":[{"href":"https:\/\/blogs.correiobraziliense.com.br\/vicente\/wp-json\/wp\/v2\/media?parent=5865"}],"wp:term":[{"taxonomy":"category","embeddable":true,"href":"https:\/\/blogs.correiobraziliense.com.br\/vicente\/wp-json\/wp\/v2\/categories?post=5865"},{"taxonomy":"post_tag","embeddable":true,"href":"https:\/\/blogs.correiobraziliense.com.br\/vicente\/wp-json\/wp\/v2\/tags?post=5865"}],"curies":[{"name":"wp","href":"https:\/\/api.w.org\/{rel}","templated":true}]}}