{"id":5826,"date":"2017-08-23T11:10:23","date_gmt":"2017-08-23T14:10:23","guid":{"rendered":"https:\/\/blogs.correiobraziliense.com.br\/vicente\/?p=5826"},"modified":"2017-08-24T09:04:12","modified_gmt":"2017-08-24T12:04:12","slug":"governo-vai-liberar-r-16-bi-de-pis-pasep-para-78-milhoes-de-idosos","status":"publish","type":"post","link":"https:\/\/blogs.correiobraziliense.com.br\/vicente\/governo-vai-liberar-r-16-bi-de-pis-pasep-para-78-milhoes-de-idosos\/","title":{"rendered":"Governo vai liberar R$ 16 bi de PIS\/ Pasep para 7,8 milh\u00f5es de idosos"},"content":{"rendered":"<h2>O presidente Michel Temer anunciou quarta-feira, 23, a libera\u00e7\u00e3o de R$ 16 bilh\u00f5es para 7,8 milh\u00f5es de aposentados. Os saques poder\u00e3o ser feitos a partir de outubro. Ter\u00e3o direito a sacar recursos homens com mais de 65 anos e mulheres a partir de 62, j\u00e1 seguindo as idades m\u00ednimas previstas na reforma da Previd\u00eancia.<\/h2>\n<p>&nbsp;<\/p>\n<p>Com essa montanha de dinheiro, o governo quer dar mais um impulso \u00e0 economia. A recomenda\u00e7\u00e3o para a libera\u00e7\u00e3o desses recursos foi feita pelo Minist\u00e9rio do Planejamento, seguindo o modelo da libera\u00e7\u00e3o das contas inativas do Fundo de Garantia do Tempo de Servi\u00e7o (FGTS).<\/p>\n<p>&nbsp;<\/p>\n<p>Pelas regras atuais, s\u00f3 podem sacar o PIS e o Pasep pessoas com mais de 70 anos ou com problemas de invalidez. A decis\u00e3o de antecipar os saques para idosos \u00e9 uma forma, tamb\u00e9m, segundo t\u00e9cnicos do governo, de dar um al\u00edvio no poder de compra desse importante grupo de consumidores.<\/p>\n<p>&nbsp;<\/p>\n<p>Estima-se que, em m\u00e9dia, cada aposentado ter\u00e1 direito a sacar R$ 1.187. Esse dinheiro foi acumulado ao longo de anos de trabalho. O PIS \u00e9 pago a trabalhadores da iniciativa privada e o Pasep, a funcion\u00e1rios p\u00fablicos. O PIS estar\u00e1 dispon\u00edvel para saques na Caixa Econ\u00f4mica Federal e o Pasep, no Banco do Brasil.<\/p>\n<p>&nbsp;<\/p>\n<p><strong>Mem\u00f3ria<\/strong><\/p>\n<p>&nbsp;<\/p>\n<p>Os saques das contas inativas do FGTS beneficiaram mais de 30 milh\u00f5es de trabalhadores, que sacaram R$ 43 bilh\u00f5es. Esse dinheiro, pelos c\u00e1lculos do Planejamento, resultar\u00e1 em um incremento de 0,6% no Produto Interno Bruto (PIB). Segundo especialistas, a libera\u00e7\u00e3o das contas inativas do FGTS deram um forte impulso ao com\u00e9rcio, ainda que boa parte das pessoas tenha usado o dinheiro para honrar d\u00edvidas.<\/p>\n<p>&nbsp;<\/p>\n<p>A perspectiva \u00e9 de que o com\u00e9rcio feche este ano com o primeiro crescimento desde 2014, quando o pa\u00eds mergulhou na recess\u00e3o. Superendividadas, as fam\u00edlias tiveram que cortar boa parte dos gastos. Agora, come\u00e7am a se beneficiar da redu\u00e7\u00e3o das d\u00edvidas e da queda da infla\u00e7\u00e3o.<\/p>\n<p>&nbsp;<\/p>\n<p><em>Bras\u00edlia, 11h10min<\/em><\/p>\n","protected":false},"excerpt":{"rendered":"<p>O presidente Michel Temer anunciou quarta-feira, 23, a libera\u00e7\u00e3o de R$ 16 bilh\u00f5es para 7,8 milh\u00f5es de aposentados. Os saques poder\u00e3o ser feitos a partir de outubro. Ter\u00e3o direito a sacar recursos homens com mais de 65 anos e mulheres a partir de 62, j\u00e1 seguindo as idades m\u00ednimas previstas na reforma da Previd\u00eancia. &nbsp; [&hellip;]<\/p>\n","protected":false},"author":22,"featured_media":0,"comment_status":"open","ping_status":"closed","sticky":false,"template":"","format":"standard","meta":{"footnotes":""},"categories":[600],"tags":[217,2485,2625,2474,2626],"class_list":["post-5826","post","type-post","status-publish","format-standard","hentry","category-economia","tag-idosos","tag-liberacao","tag-pasep","tag-pis","tag-r-16-bi"],"_links":{"self":[{"href":"https:\/\/blogs.correiobraziliense.com.br\/vicente\/wp-json\/wp\/v2\/posts\/5826","targetHints":{"allow":["GET"]}}],"collection":[{"href":"https:\/\/blogs.correiobraziliense.com.br\/vicente\/wp-json\/wp\/v2\/posts"}],"about":[{"href":"https:\/\/blogs.correiobraziliense.com.br\/vicente\/wp-json\/wp\/v2\/types\/post"}],"author":[{"embeddable":true,"href":"https:\/\/blogs.correiobraziliense.com.br\/vicente\/wp-json\/wp\/v2\/users\/22"}],"replies":[{"embeddable":true,"href":"https:\/\/blogs.correiobraziliense.com.br\/vicente\/wp-json\/wp\/v2\/comments?post=5826"}],"version-history":[{"count":8,"href":"https:\/\/blogs.correiobraziliense.com.br\/vicente\/wp-json\/wp\/v2\/posts\/5826\/revisions"}],"predecessor-version":[{"id":5850,"href":"https:\/\/blogs.correiobraziliense.com.br\/vicente\/wp-json\/wp\/v2\/posts\/5826\/revisions\/5850"}],"wp:attachment":[{"href":"https:\/\/blogs.correiobraziliense.com.br\/vicente\/wp-json\/wp\/v2\/media?parent=5826"}],"wp:term":[{"taxonomy":"category","embeddable":true,"href":"https:\/\/blogs.correiobraziliense.com.br\/vicente\/wp-json\/wp\/v2\/categories?post=5826"},{"taxonomy":"post_tag","embeddable":true,"href":"https:\/\/blogs.correiobraziliense.com.br\/vicente\/wp-json\/wp\/v2\/tags?post=5826"}],"curies":[{"name":"wp","href":"https:\/\/api.w.org\/{rel}","templated":true}]}}