{"id":5818,"date":"2017-08-22T20:29:39","date_gmt":"2017-08-22T23:29:39","guid":{"rendered":"https:\/\/blogs.correiobraziliense.com.br\/vicente\/?p=5818"},"modified":"2017-08-22T20:49:18","modified_gmt":"2017-08-22T23:49:18","slug":"ministro-do-planejamento-apresenta-carta-de-renuncia-de-r-18-mil","status":"publish","type":"post","link":"https:\/\/blogs.correiobraziliense.com.br\/vicente\/ministro-do-planejamento-apresenta-carta-de-renuncia-de-r-18-mil\/","title":{"rendered":"Ministro do Planejamento apresenta carta de ren\u00fancia de R$ 18 mil"},"content":{"rendered":"<h2>Para comprovar que n\u00e3o estava blefando, o ministro do Planejamento, Dyogo Oliveira, liberou c\u00f3pia do of\u00edcio que encaminhou ao presidente do Senac, Jos\u00e9 de Souza e Silva, renunciando ao cargo de conselheiro do \u00f3rg\u00e3o. Com isso, ele abrir\u00e1 m\u00e3o de um jeton de R$ 18 mil por m\u00eas, que elevava seu sal\u00e1rio l\u00edquido para mais de R$ 50 mil.<\/h2>\n<p>&nbsp;<\/p>\n<p><a href=\"https:\/\/blogs.correiobraziliense.com.br\/vicente\/wp-content\/uploads\/sites\/16\/2017\/08\/CartaDyogo.jpg\" rel=\"attachment wp-att-5819\"><img loading=\"lazy\" decoding=\"async\" class=\"alignnone size-full wp-image-5819\" src=\"https:\/\/blogs.correiobraziliense.com.br\/vicente\/wp-content\/uploads\/sites\/16\/2017\/08\/CartaDyogo.jpg\" alt=\"CartaDyogo\" width=\"719\" height=\"1280\" srcset=\"https:\/\/blogs.correiobraziliense.com.br\/vicente\/wp-content\/uploads\/sites\/16\/2017\/08\/CartaDyogo.jpg 719w, https:\/\/blogs.correiobraziliense.com.br\/vicente\/wp-content\/uploads\/sites\/16\/2017\/08\/CartaDyogo-169x300.jpg 169w, https:\/\/blogs.correiobraziliense.com.br\/vicente\/wp-content\/uploads\/sites\/16\/2017\/08\/CartaDyogo-575x1024.jpg 575w, https:\/\/blogs.correiobraziliense.com.br\/vicente\/wp-content\/uploads\/sites\/16\/2017\/08\/CartaDyogo-197x350.jpg 197w, https:\/\/blogs.correiobraziliense.com.br\/vicente\/wp-content\/uploads\/sites\/16\/2017\/08\/CartaDyogo-550x979.jpg 550w, https:\/\/blogs.correiobraziliense.com.br\/vicente\/wp-content\/uploads\/sites\/16\/2017\/08\/CartaDyogo-230x409.jpg 230w\" sizes=\"auto, (max-width: 719px) 100vw, 719px\" \/><\/a><\/p>\n<p>&nbsp;<\/p>\n<p>A decis\u00e3o de Dyogo foi tomada depois de ser cobrado por servidores p\u00fablicos, em redes sociais, por estar recebendo rendimentos acima do teto constitucional de R$ 33,7 mil. Os servidores questionaram o ministro pelos cortes de benef\u00edcios ao funcionalismo, enquanto ele mantinha o contracheque intocado.<\/p>\n<p>&nbsp;<\/p>\n<p>Entre as propostas do Planejamento para conter os gastos p\u00fablicos est\u00e3o o adiamento dos reajustes dos servidores de 2018 para 2019, a redu\u00e7\u00e3o da ajuda para aluguel e a fixa\u00e7\u00e3o dos sal\u00e1rios de entrada no servi\u00e7o p\u00fablico de R$ 2,8 mil, para n\u00edvel m\u00e9dio, e de R$ 5 mil, para n\u00edvel superior.<\/p>\n<p>&nbsp;<\/p>\n<p><em>Bras\u00edlia, 20h29min<\/em><\/p>\n<p>&nbsp;<\/p>\n<p>&nbsp;<\/p>\n","protected":false},"excerpt":{"rendered":"<p>Para comprovar que n\u00e3o estava blefando, o ministro do Planejamento, Dyogo Oliveira, liberou c\u00f3pia do of\u00edcio que encaminhou ao presidente do Senac, Jos\u00e9 de Souza e Silva, renunciando ao cargo de conselheiro do \u00f3rg\u00e3o. Com isso, ele abrir\u00e1 m\u00e3o de um jeton de R$ 18 mil por m\u00eas, que elevava seu sal\u00e1rio l\u00edquido para mais [&hellip;]<\/p>\n","protected":false},"author":22,"featured_media":0,"comment_status":"open","ping_status":"closed","sticky":false,"template":"","format":"standard","meta":{"footnotes":""},"categories":[600],"tags":[],"class_list":["post-5818","post","type-post","status-publish","format-standard","hentry","category-economia"],"_links":{"self":[{"href":"https:\/\/blogs.correiobraziliense.com.br\/vicente\/wp-json\/wp\/v2\/posts\/5818","targetHints":{"allow":["GET"]}}],"collection":[{"href":"https:\/\/blogs.correiobraziliense.com.br\/vicente\/wp-json\/wp\/v2\/posts"}],"about":[{"href":"https:\/\/blogs.correiobraziliense.com.br\/vicente\/wp-json\/wp\/v2\/types\/post"}],"author":[{"embeddable":true,"href":"https:\/\/blogs.correiobraziliense.com.br\/vicente\/wp-json\/wp\/v2\/users\/22"}],"replies":[{"embeddable":true,"href":"https:\/\/blogs.correiobraziliense.com.br\/vicente\/wp-json\/wp\/v2\/comments?post=5818"}],"version-history":[{"count":1,"href":"https:\/\/blogs.correiobraziliense.com.br\/vicente\/wp-json\/wp\/v2\/posts\/5818\/revisions"}],"predecessor-version":[{"id":5820,"href":"https:\/\/blogs.correiobraziliense.com.br\/vicente\/wp-json\/wp\/v2\/posts\/5818\/revisions\/5820"}],"wp:attachment":[{"href":"https:\/\/blogs.correiobraziliense.com.br\/vicente\/wp-json\/wp\/v2\/media?parent=5818"}],"wp:term":[{"taxonomy":"category","embeddable":true,"href":"https:\/\/blogs.correiobraziliense.com.br\/vicente\/wp-json\/wp\/v2\/categories?post=5818"},{"taxonomy":"post_tag","embeddable":true,"href":"https:\/\/blogs.correiobraziliense.com.br\/vicente\/wp-json\/wp\/v2\/tags?post=5818"}],"curies":[{"name":"wp","href":"https:\/\/api.w.org\/{rel}","templated":true}]}}