{"id":5809,"date":"2017-08-22T16:01:21","date_gmt":"2017-08-22T19:01:21","guid":{"rendered":"https:\/\/blogs.correiobraziliense.com.br\/vicente\/?p=5809"},"modified":"2017-08-22T16:37:52","modified_gmt":"2017-08-22T19:37:52","slug":"com-reforma-politico-tera-que-entrar-na-fila-do-inss-diz-marcelo-caetano","status":"publish","type":"post","link":"https:\/\/blogs.correiobraziliense.com.br\/vicente\/com-reforma-politico-tera-que-entrar-na-fila-do-inss-diz-marcelo-caetano\/","title":{"rendered":"Com reforma, pol\u00edtico ter\u00e1 que entrar na fila do INSS, diz Marcelo Caetano"},"content":{"rendered":"<h2>O governo est\u00e1 apostando firme que conseguir\u00e1 aprovar a reforma da Previd\u00eancia na C\u00e2mara dos Deputados at\u00e9 setembro. &#8220;\u00c9 com esse cronograma que estamos trabalhando&#8221;, diz Marcelo Caetano, secret\u00e1rio de Previd\u00eancia. Em entrevista ao programa CB.Poder, da <em>tev\u00ea Bras\u00edlia<\/em> e do <strong>Correio Braziliense<\/strong>, ele afirmou que, se as mudan\u00e7as no sistema de aposentadoria n\u00e3o forem feitas ainda neste ano, certamente, &#8220;medidas severas&#8221; ter\u00e3o que ser adotadas no futuro.<\/h2>\n<p>&nbsp;<\/p>\n<p><a href=\"https:\/\/www.youtube.com\/watch?v=nOwFlGEVGi0&#038;list=PL1jCW7Sli6CYYyg4HF_pcf22P_NkDuk7l&#038;index=1\">https:\/\/www.youtube.com\/watch?v=nOwFlGEVGi0&amp;list=PL1jCW7Sli6CYYyg4HF_pcf22P_NkDuk7l&amp;index=1<\/a><\/p>\n<p>&nbsp;<\/p>\n<p>Caetano garante que \u00a0a reforma \u00e9 vital para a sustenta\u00e7\u00e3o do atual sistema previdenci\u00e1rio e fundamental para equilibrar as contas p\u00fablicas. Ele ressalta que, com as mudan\u00e7as, a maior parte dos privil\u00e9gios que hoje prevalecem vai desaparecer, pois o sistema ficar\u00e1 mais equilibrado. Ser\u00e1 poss\u00edvel, segundo ele, ver pol\u00edticos nas filas do Instituto Nacional do Seguro Social (INSS). &#8220;N\u00e3o importa se senador, se deputado federal, se deputado estadual, se deputado distrital. Todos ter\u00e3o tratamento igual&#8221;, afirma. &#8220;O mesmo valer\u00e1 para juiz, desembargador.&#8221;<\/p>\n<p>&nbsp;<\/p>\n<p>Na avalia\u00e7\u00e3o do secret\u00e1rio, n\u00e3o h\u00e1 mais espa\u00e7o para o governo negociar o projeto de reforma que j\u00e1 foi aprovado pela Comiss\u00e3o Especial da C\u00e2mara. &#8220;Vamos tentar aprovar a reforma tal qual foi aprovada na Comiss\u00e3o Especial, sempre reconhecendo, \u00e9 claro, que quem decide \u00e9 o Congresso&#8221;, assinala. Ele lembra que, nas negocia\u00e7\u00f5es que antecederam \u00e0s negocia\u00e7\u00f5es na Comiss\u00e3o Especial, o governo aceitou abrir m\u00e3o de pontos importantes, que reduziram em 25% a economia prevista.<\/p>\n<p>&nbsp;<\/p>\n<p><a href=\"http:\/\/www.youtube.com\/watch?v=VnTCJMNSeWM\">http:\/\/www.youtube.com\/watch?v=VnTCJMNSeWM<\/a><\/p>\n<p>&nbsp;<\/p>\n<p>Apesar do discurso de que a reforma tender\u00e1 a tornar o sistema previdenci\u00e1rio menos desigual, Caetano reconhece que algumas privil\u00e9gios ser\u00e3o mantidos, como no caso de militares e professores, que n\u00e3o ser\u00e3o atingidos pelas mudan\u00e7as que est\u00e3o sendo propostas. Nesses casos, refor\u00e7a o secret\u00e1rio, prevaleceu posi\u00e7\u00f5es pol\u00edticas e n\u00e3o t\u00e9cnicas.<\/p>\n<p>&nbsp;<\/p>\n<p>Caetano reconhece que h\u00e1 uma grande rejei\u00e7\u00e3o da sociedade em rela\u00e7\u00e3o \u00e0 reforma da Previd\u00eancia, mas n\u00e3o h\u00e1 sa\u00edda. Somente no INSS, o rombo do ano passado chegou a R$ 150 bilh\u00f5es e deve passar de R$ 180 bilh\u00f5es em 2017. Ele frisa ainda que, mesmo se o governo recuperasse todas as d\u00edvidas n\u00e3o pagas \u00e0 Previd\u00eancia, de R$ 430 bilh\u00f5es, esse volume de dinheiro n\u00e3o seria suficiente para bancar um ano de despesas do INSS, de mais de R$ 530 bilh\u00f5es.<\/p>\n<p>&nbsp;<\/p>\n<p><em>Bras\u00edlia, \u00a016h01min<\/em><\/p>\n","protected":false},"excerpt":{"rendered":"<p>O governo est\u00e1 apostando firme que conseguir\u00e1 aprovar a reforma da Previd\u00eancia na C\u00e2mara dos Deputados at\u00e9 setembro. &#8220;\u00c9 com esse cronograma que estamos trabalhando&#8221;, diz Marcelo Caetano, secret\u00e1rio de Previd\u00eancia. Em entrevista ao programa CB.Poder, da tev\u00ea Bras\u00edlia e do Correio Braziliense, ele afirmou que, se as mudan\u00e7as no sistema de aposentadoria n\u00e3o forem [&hellip;]<\/p>\n","protected":false},"author":22,"featured_media":0,"comment_status":"open","ping_status":"closed","sticky":false,"template":"","format":"standard","meta":{"footnotes":""},"categories":[600],"tags":[2616,737,736,2615,1238,429,613,614],"class_list":["post-5809","post","type-post","status-publish","format-standard","hentry","category-economia","tag-caetano","tag-desembargadores","tag-juizes","tag-marcelo","tag-politicos","tag-previdencia","tag-privilegios","tag-reforma"],"_links":{"self":[{"href":"https:\/\/blogs.correiobraziliense.com.br\/vicente\/wp-json\/wp\/v2\/posts\/5809","targetHints":{"allow":["GET"]}}],"collection":[{"href":"https:\/\/blogs.correiobraziliense.com.br\/vicente\/wp-json\/wp\/v2\/posts"}],"about":[{"href":"https:\/\/blogs.correiobraziliense.com.br\/vicente\/wp-json\/wp\/v2\/types\/post"}],"author":[{"embeddable":true,"href":"https:\/\/blogs.correiobraziliense.com.br\/vicente\/wp-json\/wp\/v2\/users\/22"}],"replies":[{"embeddable":true,"href":"https:\/\/blogs.correiobraziliense.com.br\/vicente\/wp-json\/wp\/v2\/comments?post=5809"}],"version-history":[{"count":1,"href":"https:\/\/blogs.correiobraziliense.com.br\/vicente\/wp-json\/wp\/v2\/posts\/5809\/revisions"}],"predecessor-version":[{"id":5810,"href":"https:\/\/blogs.correiobraziliense.com.br\/vicente\/wp-json\/wp\/v2\/posts\/5809\/revisions\/5810"}],"wp:attachment":[{"href":"https:\/\/blogs.correiobraziliense.com.br\/vicente\/wp-json\/wp\/v2\/media?parent=5809"}],"wp:term":[{"taxonomy":"category","embeddable":true,"href":"https:\/\/blogs.correiobraziliense.com.br\/vicente\/wp-json\/wp\/v2\/categories?post=5809"},{"taxonomy":"post_tag","embeddable":true,"href":"https:\/\/blogs.correiobraziliense.com.br\/vicente\/wp-json\/wp\/v2\/tags?post=5809"}],"curies":[{"name":"wp","href":"https:\/\/api.w.org\/{rel}","templated":true}]}}