{"id":5807,"date":"2017-08-22T13:42:03","date_gmt":"2017-08-22T16:42:03","guid":{"rendered":"https:\/\/blogs.correiobraziliense.com.br\/vicente\/?p=5807"},"modified":"2017-08-22T12:43:21","modified_gmt":"2017-08-22T15:43:21","slug":"o-bumbo-da-balanca","status":"publish","type":"post","link":"https:\/\/blogs.correiobraziliense.com.br\/vicente\/o-bumbo-da-balanca\/","title":{"rendered":"O bumbo da balan\u00e7a"},"content":{"rendered":"<h2>LEONARDO CAVALCANTI<\/h2>\n<h2><\/h2>\n<h2>O governo Temer comemora por antecipa\u00e7\u00e3o o recorde na balan\u00e7a comercial deste ano. Nos pr\u00f3ximos 10 dias, o saldo entre o que foi exportado e importado ultrapassar\u00e1 os dados do ano passado, que chegaram a US$ 47,6 bilh\u00f5es. At\u00e9 agora, desde janeiro, o n\u00famero est\u00e1 em quase US$ 46 bilh\u00f5es \u2014 da\u00ed a expectativa do Planalto de que seja poss\u00edvel bater bumbo ainda no in\u00edcio de setembro, quase quatro meses antes do fim do ano.<\/h2>\n<p>&nbsp;<\/p>\n<p><strong>O real da balan\u00e7a<\/strong><\/p>\n<p>&nbsp;<\/p>\n<p>Apesar do saldo positivo, os n\u00fameros s\u00e3o explicados principalmente pelo freio das importa\u00e7\u00f5es a partir de 2014. At\u00e9 julho deste ano, tais valores chegavam a US$ 83,9 bilh\u00f5es. Os dados significam que os investidores no Brasil est\u00e3o desestimulados se comparados a 2011, 2012 e 2013. O Planalto vai contra-atacar: mantida a performance de janeiro a junho, os n\u00fameros de importa\u00e7\u00e3o e exporta\u00e7\u00e3o ser\u00e3o melhores do que o do ano passado, o que mostraria uma retomada mesmo que t\u00edmida do crescimento.<\/p>\n","protected":false},"excerpt":{"rendered":"<p>LEONARDO CAVALCANTI O governo Temer comemora por antecipa\u00e7\u00e3o o recorde na balan\u00e7a comercial deste ano. Nos pr\u00f3ximos 10 dias, o saldo entre o que foi exportado e importado ultrapassar\u00e1 os dados do ano passado, que chegaram a US$ 47,6 bilh\u00f5es. At\u00e9 agora, desde janeiro, o n\u00famero est\u00e1 em quase US$ 46 bilh\u00f5es \u2014 da\u00ed a [&hellip;]<\/p>\n","protected":false},"author":22,"featured_media":0,"comment_status":"open","ping_status":"closed","sticky":false,"template":"","format":"standard","meta":{"footnotes":""},"categories":[600],"tags":[],"class_list":["post-5807","post","type-post","status-publish","format-standard","hentry","category-economia"],"_links":{"self":[{"href":"https:\/\/blogs.correiobraziliense.com.br\/vicente\/wp-json\/wp\/v2\/posts\/5807","targetHints":{"allow":["GET"]}}],"collection":[{"href":"https:\/\/blogs.correiobraziliense.com.br\/vicente\/wp-json\/wp\/v2\/posts"}],"about":[{"href":"https:\/\/blogs.correiobraziliense.com.br\/vicente\/wp-json\/wp\/v2\/types\/post"}],"author":[{"embeddable":true,"href":"https:\/\/blogs.correiobraziliense.com.br\/vicente\/wp-json\/wp\/v2\/users\/22"}],"replies":[{"embeddable":true,"href":"https:\/\/blogs.correiobraziliense.com.br\/vicente\/wp-json\/wp\/v2\/comments?post=5807"}],"version-history":[{"count":1,"href":"https:\/\/blogs.correiobraziliense.com.br\/vicente\/wp-json\/wp\/v2\/posts\/5807\/revisions"}],"predecessor-version":[{"id":5808,"href":"https:\/\/blogs.correiobraziliense.com.br\/vicente\/wp-json\/wp\/v2\/posts\/5807\/revisions\/5808"}],"wp:attachment":[{"href":"https:\/\/blogs.correiobraziliense.com.br\/vicente\/wp-json\/wp\/v2\/media?parent=5807"}],"wp:term":[{"taxonomy":"category","embeddable":true,"href":"https:\/\/blogs.correiobraziliense.com.br\/vicente\/wp-json\/wp\/v2\/categories?post=5807"},{"taxonomy":"post_tag","embeddable":true,"href":"https:\/\/blogs.correiobraziliense.com.br\/vicente\/wp-json\/wp\/v2\/tags?post=5807"}],"curies":[{"name":"wp","href":"https:\/\/api.w.org\/{rel}","templated":true}]}}