{"id":5805,"date":"2017-08-22T12:41:06","date_gmt":"2017-08-22T15:41:06","guid":{"rendered":"https:\/\/blogs.correiobraziliense.com.br\/vicente\/?p=5805"},"modified":"2017-08-22T12:41:06","modified_gmt":"2017-08-22T15:41:06","slug":"depois-dos-ensaios-estreia-de-renan","status":"publish","type":"post","link":"https:\/\/blogs.correiobraziliense.com.br\/vicente\/depois-dos-ensaios-estreia-de-renan\/","title":{"rendered":"Depois dos ensaios, a estreia de Renan"},"content":{"rendered":"<h2>LEONARDO CAVALCANTI<\/h2>\n<h2><\/h2>\n<h2>Se a miss\u00e3o for a de encontrar Renan Calheiros (PMDB-AL) em Bras\u00edlia esta semana, esque\u00e7a. Pelos pr\u00f3ximos tr\u00eas dias, o senador estar\u00e1 ao lado do ex-presidente Luiz In\u00e1cio Lula da Silva em Alagoas, terceiro estado a ser visitado pelo petista, depois da Bahia e de Sergipe. Nesta ter\u00e7a, 22, Renan faz, em Arapiraca \u2014 a 120km de Macei\u00f3 \u2014, um discurso contra o peemedebista Michel Temer. Ser\u00e1 a estreia do parlamentar alagoano no palanque de Lula, depois de meses fustigando o Planalto, e servir\u00e1 como uma esp\u00e9cie de troco no governo.<\/h2>\n<p>&nbsp;<\/p>\n<p>Em Alagoas, Renan garante ter o controle de pelo menos 90 dos 102 prefeitos. Com Lula, vai criticar a reforma da Previd\u00eancia e o que ele chama de \u201cexclus\u00f5es\u201d do Bolsa-Fam\u00edlia. O Planalto, por sua vez, minimiza a atua\u00e7\u00e3o de Renan em Alagoas, acredita que o discurso do ex-aliado est\u00e1 precificado \u2014 puro c\u00e1lculo eleitoral regionalizado \u2014 e n\u00e3o tem mais para onde evoluir na oposi\u00e7\u00e3o. O mesmo vale para os senadores peemedebistas Eduardo Braga (AM) e Jos\u00e9 Maranh\u00e3o (PB).<\/p>\n","protected":false},"excerpt":{"rendered":"<p>LEONARDO CAVALCANTI Se a miss\u00e3o for a de encontrar Renan Calheiros (PMDB-AL) em Bras\u00edlia esta semana, esque\u00e7a. Pelos pr\u00f3ximos tr\u00eas dias, o senador estar\u00e1 ao lado do ex-presidente Luiz In\u00e1cio Lula da Silva em Alagoas, terceiro estado a ser visitado pelo petista, depois da Bahia e de Sergipe. Nesta ter\u00e7a, 22, Renan faz, em Arapiraca [&hellip;]<\/p>\n","protected":false},"author":22,"featured_media":0,"comment_status":"open","ping_status":"closed","sticky":false,"template":"","format":"standard","meta":{"footnotes":""},"categories":[600],"tags":[],"class_list":["post-5805","post","type-post","status-publish","format-standard","hentry","category-economia"],"_links":{"self":[{"href":"https:\/\/blogs.correiobraziliense.com.br\/vicente\/wp-json\/wp\/v2\/posts\/5805","targetHints":{"allow":["GET"]}}],"collection":[{"href":"https:\/\/blogs.correiobraziliense.com.br\/vicente\/wp-json\/wp\/v2\/posts"}],"about":[{"href":"https:\/\/blogs.correiobraziliense.com.br\/vicente\/wp-json\/wp\/v2\/types\/post"}],"author":[{"embeddable":true,"href":"https:\/\/blogs.correiobraziliense.com.br\/vicente\/wp-json\/wp\/v2\/users\/22"}],"replies":[{"embeddable":true,"href":"https:\/\/blogs.correiobraziliense.com.br\/vicente\/wp-json\/wp\/v2\/comments?post=5805"}],"version-history":[{"count":1,"href":"https:\/\/blogs.correiobraziliense.com.br\/vicente\/wp-json\/wp\/v2\/posts\/5805\/revisions"}],"predecessor-version":[{"id":5806,"href":"https:\/\/blogs.correiobraziliense.com.br\/vicente\/wp-json\/wp\/v2\/posts\/5805\/revisions\/5806"}],"wp:attachment":[{"href":"https:\/\/blogs.correiobraziliense.com.br\/vicente\/wp-json\/wp\/v2\/media?parent=5805"}],"wp:term":[{"taxonomy":"category","embeddable":true,"href":"https:\/\/blogs.correiobraziliense.com.br\/vicente\/wp-json\/wp\/v2\/categories?post=5805"},{"taxonomy":"post_tag","embeddable":true,"href":"https:\/\/blogs.correiobraziliense.com.br\/vicente\/wp-json\/wp\/v2\/tags?post=5805"}],"curies":[{"name":"wp","href":"https:\/\/api.w.org\/{rel}","templated":true}]}}