{"id":5802,"date":"2017-08-22T11:50:06","date_gmt":"2017-08-22T14:50:06","guid":{"rendered":"https:\/\/blogs.correiobraziliense.com.br\/vicente\/?p=5802"},"modified":"2017-08-22T11:50:06","modified_gmt":"2017-08-22T14:50:06","slug":"com-privatizacao-acoes-da-eletrobras-tem-alta-de-33","status":"publish","type":"post","link":"https:\/\/blogs.correiobraziliense.com.br\/vicente\/com-privatizacao-acoes-da-eletrobras-tem-alta-de-33\/","title":{"rendered":"Com privatiza\u00e7\u00e3o, a\u00e7\u00f5es da Eletrobras t\u00eam alta de 33%"},"content":{"rendered":"<h2>HAMILTON FERRARI<\/h2>\n<h2><\/h2>\n<h2>Os investidores est\u00e3o euf\u00f3ricos com a decis\u00e3o do governo de privatizar a Eletrobras, holding que controla o setor el\u00e9trico. As a\u00e7\u00f5es ordin\u00e1rias da empresa (ON N1), que d\u00e3o direito a votos, dispararam e eram negociadas, por volta das 11h15, por R$ 19,27, com valoriza\u00e7\u00e3o de 33,03%. No caso dos pap\u00e9is ordin\u00e1rios, a alta chega a 21,87%, cotados a R$ 22,15.<\/h2>\n<p>&nbsp;<\/p>\n<p>A valoriza\u00e7\u00e3o das a\u00e7\u00f5es da Eletrobras animou todo o mercado. A Bolsa de Valores de S\u00e3o Paulo (B3) atingiu, nesta manh\u00e3, o patamar t\u00e3o aguardado pelos agentes de mercado, \u00a070 mil pontos. A m\u00e1xima do ano decorre da perspectiva de o governo arrecadar pelo menos R$ 20 bilh\u00f5es com a venda dos pap\u00e9is que pertencem ao governo.\u00a0que est\u00e1 com rombo de R$ 159 bilh\u00f5es em 2017 e 2018.<\/p>\n<p>&nbsp;<\/p>\n<p>O Minist\u00e9rio de Minas e Energia anunciou que vai propor ao Conselho do Programa de Parcerias de Investimentos (PPI) a privatiza\u00e7\u00e3o. De acordo com a pasta, as d\u00edvidas e responsabilidades com a Eletrobras aumentaram. A inefici\u00eancia deixou um deficit social de R$ 250 bilh\u00f5es. Como o contribuinte n\u00e3o suporta mais aumento de impostos, a sa\u00edda do governo \u00e9 buscar alternativas para reduzir as despesas.<\/p>\n<p>&nbsp;<\/p>\n<p>O Ibovespa abriu a ter\u00e7a-feira em alta de 0,65%, nos 69.079 pontos. Por volta de 11h45, o indicador cravou 70.030 pontos, subindo 2,07%.<\/p>\n","protected":false},"excerpt":{"rendered":"<p>HAMILTON FERRARI Os investidores est\u00e3o euf\u00f3ricos com a decis\u00e3o do governo de privatizar a Eletrobras, holding que controla o setor el\u00e9trico. As a\u00e7\u00f5es ordin\u00e1rias da empresa (ON N1), que d\u00e3o direito a votos, dispararam e eram negociadas, por volta das 11h15, por R$ 19,27, com valoriza\u00e7\u00e3o de 33,03%. No caso dos pap\u00e9is ordin\u00e1rios, a alta [&hellip;]<\/p>\n","protected":false},"author":22,"featured_media":0,"comment_status":"open","ping_status":"closed","sticky":false,"template":"","format":"standard","meta":{"footnotes":""},"categories":[600],"tags":[],"class_list":["post-5802","post","type-post","status-publish","format-standard","hentry","category-economia"],"_links":{"self":[{"href":"https:\/\/blogs.correiobraziliense.com.br\/vicente\/wp-json\/wp\/v2\/posts\/5802","targetHints":{"allow":["GET"]}}],"collection":[{"href":"https:\/\/blogs.correiobraziliense.com.br\/vicente\/wp-json\/wp\/v2\/posts"}],"about":[{"href":"https:\/\/blogs.correiobraziliense.com.br\/vicente\/wp-json\/wp\/v2\/types\/post"}],"author":[{"embeddable":true,"href":"https:\/\/blogs.correiobraziliense.com.br\/vicente\/wp-json\/wp\/v2\/users\/22"}],"replies":[{"embeddable":true,"href":"https:\/\/blogs.correiobraziliense.com.br\/vicente\/wp-json\/wp\/v2\/comments?post=5802"}],"version-history":[{"count":1,"href":"https:\/\/blogs.correiobraziliense.com.br\/vicente\/wp-json\/wp\/v2\/posts\/5802\/revisions"}],"predecessor-version":[{"id":5803,"href":"https:\/\/blogs.correiobraziliense.com.br\/vicente\/wp-json\/wp\/v2\/posts\/5802\/revisions\/5803"}],"wp:attachment":[{"href":"https:\/\/blogs.correiobraziliense.com.br\/vicente\/wp-json\/wp\/v2\/media?parent=5802"}],"wp:term":[{"taxonomy":"category","embeddable":true,"href":"https:\/\/blogs.correiobraziliense.com.br\/vicente\/wp-json\/wp\/v2\/categories?post=5802"},{"taxonomy":"post_tag","embeddable":true,"href":"https:\/\/blogs.correiobraziliense.com.br\/vicente\/wp-json\/wp\/v2\/tags?post=5802"}],"curies":[{"name":"wp","href":"https:\/\/api.w.org\/{rel}","templated":true}]}}