{"id":5795,"date":"2017-08-21T19:27:03","date_gmt":"2017-08-21T22:27:03","guid":{"rendered":"https:\/\/blogs.correiobraziliense.com.br\/vicente\/?p=5795"},"modified":"2017-08-22T20:54:01","modified_gmt":"2017-08-22T23:54:01","slug":"diferenca-de-preco-da-gasolina-do-df-para-de-sao-paulo-chega-r-070","status":"publish","type":"post","link":"https:\/\/blogs.correiobraziliense.com.br\/vicente\/diferenca-de-preco-da-gasolina-do-df-para-de-sao-paulo-chega-r-070\/","title":{"rendered":"Diferen\u00e7a de pre\u00e7o da gasolina no DF e em S\u00e3o Paulo chega a R$ 0,60"},"content":{"rendered":"<h2>ANTONIO TEM\u00d3TEO<\/h2>\n<h2><\/h2>\n<h2>Os brasilienses pagam pelo menos R$ 0,60 a mais do que os paulistanos pelo litro da gasolina. Na capital paulista, o litro do combust\u00edvel \u00e9 comercializado por R$ 3,39, enquanto que, nas bombas de Bras\u00edlia, ultrapassa os R$ 4. A diferen\u00e7a no valor chega a 15,25% .<\/h2>\n<p>&nbsp;<\/p>\n<p><a href=\"https:\/\/blogs.correiobraziliense.com.br\/vicente\/wp-content\/uploads\/sites\/16\/2017\/08\/GasolinaSampa.jpg\" rel=\"attachment wp-att-5797\"><img loading=\"lazy\" decoding=\"async\" class=\"alignnone size-full wp-image-5797\" src=\"https:\/\/blogs.correiobraziliense.com.br\/vicente\/wp-content\/uploads\/sites\/16\/2017\/08\/GasolinaSampa.jpg\" alt=\"GasolinaSampa\" width=\"960\" height=\"1280\" srcset=\"https:\/\/blogs.correiobraziliense.com.br\/vicente\/wp-content\/uploads\/sites\/16\/2017\/08\/GasolinaSampa.jpg 960w, https:\/\/blogs.correiobraziliense.com.br\/vicente\/wp-content\/uploads\/sites\/16\/2017\/08\/GasolinaSampa-225x300.jpg 225w, https:\/\/blogs.correiobraziliense.com.br\/vicente\/wp-content\/uploads\/sites\/16\/2017\/08\/GasolinaSampa-768x1024.jpg 768w, https:\/\/blogs.correiobraziliense.com.br\/vicente\/wp-content\/uploads\/sites\/16\/2017\/08\/GasolinaSampa-263x350.jpg 263w, https:\/\/blogs.correiobraziliense.com.br\/vicente\/wp-content\/uploads\/sites\/16\/2017\/08\/GasolinaSampa-550x733.jpg 550w, https:\/\/blogs.correiobraziliense.com.br\/vicente\/wp-content\/uploads\/sites\/16\/2017\/08\/GasolinaSampa-230x307.jpg 230w\" sizes=\"auto, (max-width: 960px) 100vw, 960px\" \/><\/a><\/p>\n<p>&nbsp;<\/p>\n<p>Os consumidores, entretanto, n\u00e3o sabem o motivo na diferen\u00e7a t\u00e3o elevada dos pre\u00e7os. A suspeita \u00e9 de que a m\u00e1fia dos combust\u00edveis tenha voltado com tudo no Distrito Federal. Alheio aos preju\u00edzos causados aos consumidores pela carteliza\u00e7\u00e3o, o Sindicato Nacional das Empresas Distribuidoras de Combust\u00edveis e de Lubrificantes (Sindicom) lan\u00e7a, nesta ter\u00e7a, 22, o Movimento Combust\u00edvel Legal.<\/p>\n<p>&nbsp;<\/p>\n<p>Um debate ser\u00e1 realizado no Anexo 2 da C\u00e2mara dos Deputados, a partir das 14h30. A pauta trata apenas de temas do interesse dos empres\u00e1rios. Os consumidores ser\u00e3o deixados de lado. A prop\u00f3sito, o Sindicom foi presidido entre dezembro de 2015 e outubro de 2016 por\u00a0<span class=\"s1\">Jos\u00e9 Lima de Andrade Neto. <\/span><\/p>\n<p>&nbsp;<\/p>\n<p><span class=\"s1\">Andrade Neto \u00e9 ex-presidente da BR Distribuidora. Ele comandou a empresa entre 2009 e 2015, al\u00e9m de ter sido citado na dela\u00e7\u00e3o de Nestor Cerver\u00f3, tamb\u00e9m ex-dirigente da estatal, na Opera\u00e7\u00e3o Lava-Jato.\u00a0<\/span><\/p>\n<p>&nbsp;<\/p>\n<p><strong>Outro lado<\/strong><\/p>\n<p>&nbsp;<\/p>\n<p>Em nota enviada ao Blog, o\u00a0Movimento Combust\u00edvel Legal diz que \u00a0foi criado com o objetivo de esclarecer a sociedade e contribuir no combate \u00e0s ilegalidades no setor de combust\u00edveis, sobretudo a sonega\u00e7\u00e3o de impostos. &#8220;\u00c9 um movimento nacional e conta com apoio de entidades como ETCO, Fiesp, OAB, Fecombustiveis e Federa\u00e7\u00e3o Brasilcom, que representa 40 distribuidoras regionais no Brasil. Todos os anos, 4,8 bilh\u00f5es de reais deixam de ser arrecadados por empresas que usam a inadimpl\u00eancia fiscal como modelo de neg\u00f3cios. Causa estranheza que uma iniciativa como essa, dedicada a combater ilegalidades, seja vista como algo que s\u00f3 interessa aos empres\u00e1rios do setor, e n\u00e3o \u00e0 sociedade como um todo&#8221;.<\/p>\n<p>&nbsp;<\/p>\n","protected":false},"excerpt":{"rendered":"<p>ANTONIO TEM\u00d3TEO Os brasilienses pagam pelo menos R$ 0,60 a mais do que os paulistanos pelo litro da gasolina. Na capital paulista, o litro do combust\u00edvel \u00e9 comercializado por R$ 3,39, enquanto que, nas bombas de Bras\u00edlia, ultrapassa os R$ 4. A diferen\u00e7a no valor chega a 15,25% . &nbsp; &nbsp; Os consumidores, entretanto, n\u00e3o [&hellip;]<\/p>\n","protected":false},"author":22,"featured_media":0,"comment_status":"open","ping_status":"closed","sticky":false,"template":"","format":"standard","meta":{"footnotes":""},"categories":[600],"tags":[998,268,2613,390,2612],"class_list":["post-5795","post","type-post","status-publish","format-standard","hentry","category-economia","tag-combustiveis","tag-gasolina","tag-movimento-combustivel-legal","tag-precos","tag-sidicom"],"_links":{"self":[{"href":"https:\/\/blogs.correiobraziliense.com.br\/vicente\/wp-json\/wp\/v2\/posts\/5795","targetHints":{"allow":["GET"]}}],"collection":[{"href":"https:\/\/blogs.correiobraziliense.com.br\/vicente\/wp-json\/wp\/v2\/posts"}],"about":[{"href":"https:\/\/blogs.correiobraziliense.com.br\/vicente\/wp-json\/wp\/v2\/types\/post"}],"author":[{"embeddable":true,"href":"https:\/\/blogs.correiobraziliense.com.br\/vicente\/wp-json\/wp\/v2\/users\/22"}],"replies":[{"embeddable":true,"href":"https:\/\/blogs.correiobraziliense.com.br\/vicente\/wp-json\/wp\/v2\/comments?post=5795"}],"version-history":[{"count":6,"href":"https:\/\/blogs.correiobraziliense.com.br\/vicente\/wp-json\/wp\/v2\/posts\/5795\/revisions"}],"predecessor-version":[{"id":5823,"href":"https:\/\/blogs.correiobraziliense.com.br\/vicente\/wp-json\/wp\/v2\/posts\/5795\/revisions\/5823"}],"wp:attachment":[{"href":"https:\/\/blogs.correiobraziliense.com.br\/vicente\/wp-json\/wp\/v2\/media?parent=5795"}],"wp:term":[{"taxonomy":"category","embeddable":true,"href":"https:\/\/blogs.correiobraziliense.com.br\/vicente\/wp-json\/wp\/v2\/categories?post=5795"},{"taxonomy":"post_tag","embeddable":true,"href":"https:\/\/blogs.correiobraziliense.com.br\/vicente\/wp-json\/wp\/v2\/tags?post=5795"}],"curies":[{"name":"wp","href":"https:\/\/api.w.org\/{rel}","templated":true}]}}