{"id":5782,"date":"2017-08-20T13:07:51","date_gmt":"2017-08-20T16:07:51","guid":{"rendered":"https:\/\/blogs.correiobraziliense.com.br\/vicente\/?p=5782"},"modified":"2017-08-20T22:13:31","modified_gmt":"2017-08-21T01:13:31","slug":"o-que-05-ponto-nao-faz","status":"publish","type":"post","link":"https:\/\/blogs.correiobraziliense.com.br\/vicente\/o-que-05-ponto-nao-faz\/","title":{"rendered":"O que 0,5 ponto n\u00e3o faz"},"content":{"rendered":"<p>Quase um ano depois das elei\u00e7\u00f5es municipais, o Tribunal Superior Eleitoral (TSE) aprovou o registro da candidatura da prefeita de Regin\u00f3polis-SP, Carolina Ara\u00fajo Ver\u00edssimo (PMDB), conhecida como Carola.<\/p>\n<p>&nbsp;<\/p>\n<p>Desde o come\u00e7o do ano, ela exercia o cargo amparada por uma liminar. A maioria do plen\u00e1rio do TSE concordou com os argumentos da advogada da prefeita, Gabriela Rollemberg, de que Carola n\u00e3o teve a inten\u00e7\u00e3o de prejudicar o munic\u00edpio ao aplicar 24,42% em educa\u00e7\u00e3o em gest\u00e3o anterior, e n\u00e3o os 25% que a Constitui\u00e7\u00e3o exige.<\/p>\n<p>&nbsp;<\/p>\n<p>A prefeita foi eleita com 1.556 votos &#8212;\u00a0 40% dos votos v\u00e1lidos.<\/p>\n","protected":false},"excerpt":{"rendered":"<p>Quase um ano depois das elei\u00e7\u00f5es municipais, o Tribunal Superior Eleitoral (TSE) aprovou o registro da candidatura da prefeita de Regin\u00f3polis-SP, Carolina Ara\u00fajo Ver\u00edssimo (PMDB), conhecida como Carola. &nbsp; Desde o come\u00e7o do ano, ela exercia o cargo amparada por uma liminar. A maioria do plen\u00e1rio do TSE concordou com os argumentos da advogada da [&hellip;]<\/p>\n","protected":false},"author":22,"featured_media":0,"comment_status":"open","ping_status":"closed","sticky":false,"template":"","format":"standard","meta":{"footnotes":""},"categories":[600],"tags":[],"class_list":["post-5782","post","type-post","status-publish","format-standard","hentry","category-economia"],"_links":{"self":[{"href":"https:\/\/blogs.correiobraziliense.com.br\/vicente\/wp-json\/wp\/v2\/posts\/5782","targetHints":{"allow":["GET"]}}],"collection":[{"href":"https:\/\/blogs.correiobraziliense.com.br\/vicente\/wp-json\/wp\/v2\/posts"}],"about":[{"href":"https:\/\/blogs.correiobraziliense.com.br\/vicente\/wp-json\/wp\/v2\/types\/post"}],"author":[{"embeddable":true,"href":"https:\/\/blogs.correiobraziliense.com.br\/vicente\/wp-json\/wp\/v2\/users\/22"}],"replies":[{"embeddable":true,"href":"https:\/\/blogs.correiobraziliense.com.br\/vicente\/wp-json\/wp\/v2\/comments?post=5782"}],"version-history":[{"count":1,"href":"https:\/\/blogs.correiobraziliense.com.br\/vicente\/wp-json\/wp\/v2\/posts\/5782\/revisions"}],"predecessor-version":[{"id":5783,"href":"https:\/\/blogs.correiobraziliense.com.br\/vicente\/wp-json\/wp\/v2\/posts\/5782\/revisions\/5783"}],"wp:attachment":[{"href":"https:\/\/blogs.correiobraziliense.com.br\/vicente\/wp-json\/wp\/v2\/media?parent=5782"}],"wp:term":[{"taxonomy":"category","embeddable":true,"href":"https:\/\/blogs.correiobraziliense.com.br\/vicente\/wp-json\/wp\/v2\/categories?post=5782"},{"taxonomy":"post_tag","embeddable":true,"href":"https:\/\/blogs.correiobraziliense.com.br\/vicente\/wp-json\/wp\/v2\/tags?post=5782"}],"curies":[{"name":"wp","href":"https:\/\/api.w.org\/{rel}","templated":true}]}}