{"id":5760,"date":"2017-08-18T13:11:32","date_gmt":"2017-08-18T16:11:32","guid":{"rendered":"https:\/\/blogs.correiobraziliense.com.br\/vicente\/?p=5760"},"modified":"2017-08-18T13:11:32","modified_gmt":"2017-08-18T16:11:32","slug":"ministerio-publico-vai-bombardear-reforma-trabalhista-na-justica-comum","status":"publish","type":"post","link":"https:\/\/blogs.correiobraziliense.com.br\/vicente\/ministerio-publico-vai-bombardear-reforma-trabalhista-na-justica-comum\/","title":{"rendered":"Minist\u00e9rio P\u00fablico vai bombardear reforma trabalhista na Justi\u00e7a comum"},"content":{"rendered":"<h2>ANTONIO TEM\u00d3TEO<\/h2>\n<h2><\/h2>\n<h2>Contr\u00e1rio a diversos pontos da reforma trabalhista, o Minist\u00e9rio P\u00fablico da Uni\u00e3o (MPU) definiu estrat\u00e9gia para tentar minar trechos considerados inconstitucionais. O envio de a\u00e7\u00e3o direta de inconstitucionalidade ao Supremo Tribunal Federal (STF) est\u00e1 descartado. Para diversos procuradores, a composi\u00e7\u00e3o da Corte n\u00e3o favorecer\u00e1 a revers\u00e3o do texto aprovado pelo Congresso e sancionado pelo presidente Michel Temer.<\/h2>\n<p>&nbsp;<\/p>\n<p><strong>Forma\u00e7\u00e3o de jurisprud\u00eancia<\/strong><\/p>\n<p>&nbsp;<br \/>\nOs procuradores se convenceram de que os questionamentos devem ser feitos a partir da primeira inst\u00e2ncia, por meio de a\u00e7\u00f5es civis p\u00fablicas. Caso as teses defendidas pelos integrantes do MPU prosperem, uma jurisprud\u00eancia ser\u00e1 formada e isso n\u00e3o poder\u00e1 ser ignorado pelos ministros do STF.<\/p>\n<p>&nbsp;<\/p>\n<p>A estrat\u00e9gia tem apoio velado da maioria dos ministros do Tribunal Superior do Trabalho (TST), que j\u00e1 demonstraram publicamente contrariedade com a reforma aprovada por deputados e senadores.<\/p>\n","protected":false},"excerpt":{"rendered":"<p>ANTONIO TEM\u00d3TEO Contr\u00e1rio a diversos pontos da reforma trabalhista, o Minist\u00e9rio P\u00fablico da Uni\u00e3o (MPU) definiu estrat\u00e9gia para tentar minar trechos considerados inconstitucionais. O envio de a\u00e7\u00e3o direta de inconstitucionalidade ao Supremo Tribunal Federal (STF) est\u00e1 descartado. Para diversos procuradores, a composi\u00e7\u00e3o da Corte n\u00e3o favorecer\u00e1 a revers\u00e3o do texto aprovado pelo Congresso e sancionado [&hellip;]<\/p>\n","protected":false},"author":22,"featured_media":0,"comment_status":"open","ping_status":"closed","sticky":false,"template":"","format":"standard","meta":{"footnotes":""},"categories":[600],"tags":[2596,282,889,936,39],"class_list":["post-5760","post","type-post","status-publish","format-standard","hentry","category-economia","tag-comum","tag-justica","tag-ministerio-publico","tag-reforma-trabalhista","tag-supremo-tribunal-federal"],"_links":{"self":[{"href":"https:\/\/blogs.correiobraziliense.com.br\/vicente\/wp-json\/wp\/v2\/posts\/5760","targetHints":{"allow":["GET"]}}],"collection":[{"href":"https:\/\/blogs.correiobraziliense.com.br\/vicente\/wp-json\/wp\/v2\/posts"}],"about":[{"href":"https:\/\/blogs.correiobraziliense.com.br\/vicente\/wp-json\/wp\/v2\/types\/post"}],"author":[{"embeddable":true,"href":"https:\/\/blogs.correiobraziliense.com.br\/vicente\/wp-json\/wp\/v2\/users\/22"}],"replies":[{"embeddable":true,"href":"https:\/\/blogs.correiobraziliense.com.br\/vicente\/wp-json\/wp\/v2\/comments?post=5760"}],"version-history":[{"count":1,"href":"https:\/\/blogs.correiobraziliense.com.br\/vicente\/wp-json\/wp\/v2\/posts\/5760\/revisions"}],"predecessor-version":[{"id":5761,"href":"https:\/\/blogs.correiobraziliense.com.br\/vicente\/wp-json\/wp\/v2\/posts\/5760\/revisions\/5761"}],"wp:attachment":[{"href":"https:\/\/blogs.correiobraziliense.com.br\/vicente\/wp-json\/wp\/v2\/media?parent=5760"}],"wp:term":[{"taxonomy":"category","embeddable":true,"href":"https:\/\/blogs.correiobraziliense.com.br\/vicente\/wp-json\/wp\/v2\/categories?post=5760"},{"taxonomy":"post_tag","embeddable":true,"href":"https:\/\/blogs.correiobraziliense.com.br\/vicente\/wp-json\/wp\/v2\/tags?post=5760"}],"curies":[{"name":"wp","href":"https:\/\/api.w.org\/{rel}","templated":true}]}}