{"id":5750,"date":"2017-08-17T18:27:41","date_gmt":"2017-08-17T21:27:41","guid":{"rendered":"https:\/\/blogs.correiobraziliense.com.br\/vicente\/?p=5750"},"modified":"2017-08-17T20:01:46","modified_gmt":"2017-08-17T23:01:46","slug":"ibama-ameacou-fiscais-de-prisao-se-mexessem-com-urubus-em-apartamento","status":"publish","type":"post","link":"https:\/\/blogs.correiobraziliense.com.br\/vicente\/ibama-ameacou-fiscais-de-prisao-se-mexessem-com-urubus-em-apartamento\/","title":{"rendered":"Ibama amea\u00e7ou fiscais de pris\u00e3o se mexessem com urubus em apartamento"},"content":{"rendered":"<h2>A Secretaria de Patrim\u00f4nio da Uni\u00e3o (SPU) ter\u00e1 que esperar algumas semanas para retomar o controle de um apartamento pertencente ao governo, avaliado em mais de R$ 1 milh\u00e3o, que foi invadido por urubus. Fiscais do \u00f3rg\u00e3o foram amea\u00e7ados de pris\u00e3o pelo Ibama caso mexessem com as aves, pois h\u00e1 dois filhotes que ainda n\u00e3o t\u00eam condi\u00e7\u00f5es de voar. Seria crime ambiental.<\/h2>\n<p>&nbsp;<\/p>\n<p>O apartamento, de quase 140 metros, fica no Bloco D da Quadra 304, na Asa Norte, uma das \u00e1reas mais nobres de Bras\u00edlia. O im\u00f3vel havia sido colocado \u00e0 venda pela SPU por meio de edital lan\u00e7ado em maio \u00faltimo, mas n\u00e3o foi vendido. E n\u00e3o poder\u00e1 ser t\u00e3o cedo. A SPU j\u00e1 est\u00e1 preparando um novo edital, com outros im\u00f3veis, mas n\u00e3o incluir\u00e1 na lista o ocupado pelos urubus.<\/p>\n<p>&nbsp;<\/p>\n<p><a href=\"https:\/\/blogs.correiobraziliense.com.br\/vicente\/wp-content\/uploads\/sites\/16\/2017\/08\/Urubu1.jpg\" rel=\"attachment wp-att-5751\"><img loading=\"lazy\" decoding=\"async\" class=\"alignnone size-full wp-image-5751\" src=\"https:\/\/blogs.correiobraziliense.com.br\/vicente\/wp-content\/uploads\/sites\/16\/2017\/08\/Urubu1.jpg\" alt=\"Urubu1\" width=\"1024\" height=\"576\" srcset=\"https:\/\/blogs.correiobraziliense.com.br\/vicente\/wp-content\/uploads\/sites\/16\/2017\/08\/Urubu1.jpg 1024w, https:\/\/blogs.correiobraziliense.com.br\/vicente\/wp-content\/uploads\/sites\/16\/2017\/08\/Urubu1-300x169.jpg 300w, https:\/\/blogs.correiobraziliense.com.br\/vicente\/wp-content\/uploads\/sites\/16\/2017\/08\/Urubu1-768x432.jpg 768w, https:\/\/blogs.correiobraziliense.com.br\/vicente\/wp-content\/uploads\/sites\/16\/2017\/08\/Urubu1-350x197.jpg 350w, https:\/\/blogs.correiobraziliense.com.br\/vicente\/wp-content\/uploads\/sites\/16\/2017\/08\/Urubu1-550x309.jpg 550w, https:\/\/blogs.correiobraziliense.com.br\/vicente\/wp-content\/uploads\/sites\/16\/2017\/08\/Urubu1-230x129.jpg 230w\" sizes=\"auto, (max-width: 1024px) 100vw, 1024px\" \/><\/a><\/p>\n<p>Fotos: Breno Fortes\/ CB Press<\/p>\n<p>&nbsp;<\/p>\n<p>A SPU, vinculada ao Minist\u00e9rio do Planejamento, informa que j\u00e1 comprou telas para lacrar as janelas e varandas dos apartamentos funcionais que est\u00e3o vazio. Isso ser\u00e1 feito no im\u00f3vel da 304 Norte t\u00e3o logo os urubuzinhos consigam voar.<\/p>\n<p>&nbsp;<\/p>\n<p><strong>Retrato do descaso<\/strong><\/p>\n<p>&nbsp;<\/p>\n<p>O ocupa\u00e7\u00e3o de um im\u00f3vel milion\u00e1rio por urubus \u00e9 o retrato do descaso do governo com o patrim\u00f4nio da Uni\u00e3o. Mostra que n\u00e3o h\u00e1 controle algum sobre os im\u00f3veis, que, segundo os especialistas, j\u00e1 deveriam ter sido vendidos. N\u00e3o h\u00e1 nada que justifique o governo deter 544 im\u00f3veis em Bras\u00edlia para abrigar funcion\u00e1rios que v\u00eam de fora.<\/p>\n<p>&nbsp;<\/p>\n<p>Al\u00e9m de o custo de manuten\u00e7\u00e3o ser alt\u00edssimo, as pessoas que ocupam os im\u00f3veis, em grande maioria, n\u00e3o t\u00eam o menor cuidado com eles. Quando os devolvem, muitos est\u00e3o em estado deplor\u00e1vel. Em tempos de escassez de recursos, de promessa de corte de gastos, seria melhor se desfazer desses empreendimentos.<\/p>\n<p>&nbsp;<\/p>\n<p><a href=\"https:\/\/blogs.correiobraziliense.com.br\/vicente\/wp-content\/uploads\/sites\/16\/2017\/08\/Urubu.jpg\" rel=\"attachment wp-att-5752\"><img loading=\"lazy\" decoding=\"async\" class=\"alignnone size-full wp-image-5752\" src=\"https:\/\/blogs.correiobraziliense.com.br\/vicente\/wp-content\/uploads\/sites\/16\/2017\/08\/Urubu.jpg\" alt=\"Urubu\" width=\"494\" height=\"278\" srcset=\"https:\/\/blogs.correiobraziliense.com.br\/vicente\/wp-content\/uploads\/sites\/16\/2017\/08\/Urubu.jpg 494w, https:\/\/blogs.correiobraziliense.com.br\/vicente\/wp-content\/uploads\/sites\/16\/2017\/08\/Urubu-300x169.jpg 300w, https:\/\/blogs.correiobraziliense.com.br\/vicente\/wp-content\/uploads\/sites\/16\/2017\/08\/Urubu-350x197.jpg 350w, https:\/\/blogs.correiobraziliense.com.br\/vicente\/wp-content\/uploads\/sites\/16\/2017\/08\/Urubu-230x129.jpg 230w\" sizes=\"auto, (max-width: 494px) 100vw, 494px\" \/><\/a><\/p>\n<p>&nbsp;<\/p>\n<p>T\u00e9cnicos do Planejamento garantem que a orienta\u00e7\u00e3o \u00e9 vender os im\u00f3veis. Nas v\u00e1rias tentativas nos \u00faltimos meses, houve frustra\u00e7\u00e3o, devido ao p\u00e9ssimo momento da economia. Corretores de im\u00f3veis dizem que n\u00e3o \u00e9 s\u00f3 isso: os pre\u00e7os definidos pela SPU s\u00e3o muito elevados, acima da m\u00e9dia de mercado.<\/p>\n<p>&nbsp;<\/p>\n<p><em>Bras\u00edlia, 18h27min<\/em><\/p>\n","protected":false},"excerpt":{"rendered":"<p>A Secretaria de Patrim\u00f4nio da Uni\u00e3o (SPU) ter\u00e1 que esperar algumas semanas para retomar o controle de um apartamento pertencente ao governo, avaliado em mais de R$ 1 milh\u00e3o, que foi invadido por urubus. Fiscais do \u00f3rg\u00e3o foram amea\u00e7ados de pris\u00e3o pelo Ibama caso mexessem com as aves, pois h\u00e1 dois filhotes que ainda n\u00e3o [&hellip;]<\/p>\n","protected":false},"author":22,"featured_media":0,"comment_status":"open","ping_status":"closed","sticky":false,"template":"","format":"standard","meta":{"footnotes":""},"categories":[600],"tags":[2577,926,2591,351,762,2575],"class_list":["post-5750","post","type-post","status-publish","format-standard","hentry","category-economia","tag-apartamento","tag-brasilia","tag-ibama","tag-prisao","tag-uniao","tag-urubus"],"_links":{"self":[{"href":"https:\/\/blogs.correiobraziliense.com.br\/vicente\/wp-json\/wp\/v2\/posts\/5750","targetHints":{"allow":["GET"]}}],"collection":[{"href":"https:\/\/blogs.correiobraziliense.com.br\/vicente\/wp-json\/wp\/v2\/posts"}],"about":[{"href":"https:\/\/blogs.correiobraziliense.com.br\/vicente\/wp-json\/wp\/v2\/types\/post"}],"author":[{"embeddable":true,"href":"https:\/\/blogs.correiobraziliense.com.br\/vicente\/wp-json\/wp\/v2\/users\/22"}],"replies":[{"embeddable":true,"href":"https:\/\/blogs.correiobraziliense.com.br\/vicente\/wp-json\/wp\/v2\/comments?post=5750"}],"version-history":[{"count":1,"href":"https:\/\/blogs.correiobraziliense.com.br\/vicente\/wp-json\/wp\/v2\/posts\/5750\/revisions"}],"predecessor-version":[{"id":5753,"href":"https:\/\/blogs.correiobraziliense.com.br\/vicente\/wp-json\/wp\/v2\/posts\/5750\/revisions\/5753"}],"wp:attachment":[{"href":"https:\/\/blogs.correiobraziliense.com.br\/vicente\/wp-json\/wp\/v2\/media?parent=5750"}],"wp:term":[{"taxonomy":"category","embeddable":true,"href":"https:\/\/blogs.correiobraziliense.com.br\/vicente\/wp-json\/wp\/v2\/categories?post=5750"},{"taxonomy":"post_tag","embeddable":true,"href":"https:\/\/blogs.correiobraziliense.com.br\/vicente\/wp-json\/wp\/v2\/tags?post=5750"}],"curies":[{"name":"wp","href":"https:\/\/api.w.org\/{rel}","templated":true}]}}