{"id":5743,"date":"2017-08-17T11:12:02","date_gmt":"2017-08-17T14:12:02","guid":{"rendered":"https:\/\/blogs.correiobraziliense.com.br\/vicente\/?p=5743"},"modified":"2017-08-17T13:16:47","modified_gmt":"2017-08-17T16:16:47","slug":"5743-2","status":"publish","type":"post","link":"https:\/\/blogs.correiobraziliense.com.br\/vicente\/5743-2\/","title":{"rendered":"Est\u00e1cio investe R$ 33 milh\u00f5es em cursos para medicina"},"content":{"rendered":"<h2>A Est\u00e1cio vai abrir quatro cursos de Medicina at\u00e9 o in\u00edcio de 2018, com investimento total de R$ 33 milh\u00f5es. As novas vagas foram concedidas\u00a0em edital previsto na Lei do programa Mais M\u00e9dicos e ser\u00e3o abertas no campus de Angra dos Reis (RJ), com in\u00edcio das aulas em setembro, al\u00e9m das novas unidades de Juazeiro (BA), Alagoinhas (BA) e Jaragu\u00e1 do Sul (SC), que devem ser inauguradas no primeiro semestre de 2018.<\/h2>\n<p>&nbsp;<\/p>\n<p>O presidente da Est\u00e1cio, Pedro Thompson, falou sobre a novidade com o ministro da Educa\u00e7\u00e3o, Mendon\u00e7a Filho, nesta semana. Ele aproveitou o encontro com o ministro para trocar ideias sobre o programa Mais M\u00e9dicos.<\/p>\n","protected":false},"excerpt":{"rendered":"<p>A Est\u00e1cio vai abrir quatro cursos de Medicina at\u00e9 o in\u00edcio de 2018, com investimento total de R$ 33 milh\u00f5es. As novas vagas foram concedidas\u00a0em edital previsto na Lei do programa Mais M\u00e9dicos e ser\u00e3o abertas no campus de Angra dos Reis (RJ), com in\u00edcio das aulas em setembro, al\u00e9m das novas unidades de Juazeiro [&hellip;]<\/p>\n","protected":false},"author":22,"featured_media":0,"comment_status":"open","ping_status":"closed","sticky":false,"template":"","format":"standard","meta":{"footnotes":""},"categories":[600],"tags":[2586,2071,2587,2072],"class_list":["post-5743","post","type-post","status-publish","format-standard","hentry","category-economia","tag-cursos","tag-estacio","tag-medicina","tag-universidade"],"_links":{"self":[{"href":"https:\/\/blogs.correiobraziliense.com.br\/vicente\/wp-json\/wp\/v2\/posts\/5743","targetHints":{"allow":["GET"]}}],"collection":[{"href":"https:\/\/blogs.correiobraziliense.com.br\/vicente\/wp-json\/wp\/v2\/posts"}],"about":[{"href":"https:\/\/blogs.correiobraziliense.com.br\/vicente\/wp-json\/wp\/v2\/types\/post"}],"author":[{"embeddable":true,"href":"https:\/\/blogs.correiobraziliense.com.br\/vicente\/wp-json\/wp\/v2\/users\/22"}],"replies":[{"embeddable":true,"href":"https:\/\/blogs.correiobraziliense.com.br\/vicente\/wp-json\/wp\/v2\/comments?post=5743"}],"version-history":[{"count":1,"href":"https:\/\/blogs.correiobraziliense.com.br\/vicente\/wp-json\/wp\/v2\/posts\/5743\/revisions"}],"predecessor-version":[{"id":5744,"href":"https:\/\/blogs.correiobraziliense.com.br\/vicente\/wp-json\/wp\/v2\/posts\/5743\/revisions\/5744"}],"wp:attachment":[{"href":"https:\/\/blogs.correiobraziliense.com.br\/vicente\/wp-json\/wp\/v2\/media?parent=5743"}],"wp:term":[{"taxonomy":"category","embeddable":true,"href":"https:\/\/blogs.correiobraziliense.com.br\/vicente\/wp-json\/wp\/v2\/categories?post=5743"},{"taxonomy":"post_tag","embeddable":true,"href":"https:\/\/blogs.correiobraziliense.com.br\/vicente\/wp-json\/wp\/v2\/tags?post=5743"}],"curies":[{"name":"wp","href":"https:\/\/api.w.org\/{rel}","templated":true}]}}