{"id":5735,"date":"2017-08-17T09:15:54","date_gmt":"2017-08-17T12:15:54","guid":{"rendered":"https:\/\/blogs.correiobraziliense.com.br\/vicente\/?p=5735"},"modified":"2017-08-17T09:16:37","modified_gmt":"2017-08-17T12:16:37","slug":"ibc-br-tem-alta-de-05-em-junho","status":"publish","type":"post","link":"https:\/\/blogs.correiobraziliense.com.br\/vicente\/ibc-br-tem-alta-de-05-em-junho\/","title":{"rendered":"\u00cdndice de Atividade Econ\u00f4mica do BC tem alta de 0,5% em junho"},"content":{"rendered":"<p class=\"p1\">POR ANTONIO TEM\u00d3TEO<\/p>\n<p class=\"p1\">\n<p class=\"p1\">O \u00cdndice de Atividade Econ\u00f4mica do Banco Central (IBC-Br), divulgado nesta manh\u00e3, registrou ata de 0,5% em junho. O resultado ficou abaixo das expectativas dos analistas, que estimavam um crescimento de 0,7% no per\u00edodo analisado.<\/p>\n<p class=\"p1\">\n<p class=\"p1\">Em rela\u00e7\u00e3o ao m\u00eas mesmo do ano passado, o IBC-Br teve queda de 0,6% e nos \u00faltimos 12 meses encerrados em junho acumula retra\u00e7\u00e3o de 2%. O resultado refor\u00e7ou a expectativa de diversos analistas que estimam que o Produto Interno Bruto (PIB) do segundo trimestre tenha encolhido.<\/p>\n<p class=\"p1\">\n<p class=\"p1\">Na avalia\u00e7\u00e3o do economista-chefe do Bradesco, Fernando Honorato, apesar do desempenho negativo, o dado refor\u00e7a a expectativa de uma retomada da atividade econ\u00f4mica \u00e0 frente. \u201cAinda assim, esperamos estabilidade da atividade no terceiro trimestre\u201d, disse.<\/p>\n","protected":false},"excerpt":{"rendered":"<p>POR ANTONIO TEM\u00d3TEO O \u00cdndice de Atividade Econ\u00f4mica do Banco Central (IBC-Br), divulgado nesta manh\u00e3, registrou ata de 0,5% em junho. O resultado ficou abaixo das expectativas dos analistas, que estimavam um crescimento de 0,7% no per\u00edodo analisado. Em rela\u00e7\u00e3o ao m\u00eas mesmo do ano passado, o IBC-Br teve queda de 0,6% e nos \u00faltimos [&hellip;]<\/p>\n","protected":false},"author":22,"featured_media":0,"comment_status":"open","ping_status":"closed","sticky":false,"template":"","format":"standard","meta":{"footnotes":""},"categories":[600],"tags":[850,2581,113,2580,829,58,279,690],"class_list":["post-5735","post","type-post","status-publish","format-standard","hentry","category-economia","tag-alta","tag-atividade-economica","tag-crescimento","tag-ibc-br","tag-junho","tag-pib","tag-queda","tag-retracao"],"_links":{"self":[{"href":"https:\/\/blogs.correiobraziliense.com.br\/vicente\/wp-json\/wp\/v2\/posts\/5735","targetHints":{"allow":["GET"]}}],"collection":[{"href":"https:\/\/blogs.correiobraziliense.com.br\/vicente\/wp-json\/wp\/v2\/posts"}],"about":[{"href":"https:\/\/blogs.correiobraziliense.com.br\/vicente\/wp-json\/wp\/v2\/types\/post"}],"author":[{"embeddable":true,"href":"https:\/\/blogs.correiobraziliense.com.br\/vicente\/wp-json\/wp\/v2\/users\/22"}],"replies":[{"embeddable":true,"href":"https:\/\/blogs.correiobraziliense.com.br\/vicente\/wp-json\/wp\/v2\/comments?post=5735"}],"version-history":[{"count":2,"href":"https:\/\/blogs.correiobraziliense.com.br\/vicente\/wp-json\/wp\/v2\/posts\/5735\/revisions"}],"predecessor-version":[{"id":5737,"href":"https:\/\/blogs.correiobraziliense.com.br\/vicente\/wp-json\/wp\/v2\/posts\/5735\/revisions\/5737"}],"wp:attachment":[{"href":"https:\/\/blogs.correiobraziliense.com.br\/vicente\/wp-json\/wp\/v2\/media?parent=5735"}],"wp:term":[{"taxonomy":"category","embeddable":true,"href":"https:\/\/blogs.correiobraziliense.com.br\/vicente\/wp-json\/wp\/v2\/categories?post=5735"},{"taxonomy":"post_tag","embeddable":true,"href":"https:\/\/blogs.correiobraziliense.com.br\/vicente\/wp-json\/wp\/v2\/tags?post=5735"}],"curies":[{"name":"wp","href":"https:\/\/api.w.org\/{rel}","templated":true}]}}