{"id":5734,"date":"2017-08-17T06:11:52","date_gmt":"2017-08-17T09:11:52","guid":{"rendered":"https:\/\/blogs.correiobraziliense.com.br\/vicente\/?p=5734"},"modified":"2017-08-17T09:19:47","modified_gmt":"2017-08-17T12:19:47","slug":"coluna-no-correio-aliados-de-temer-ja-apresentam-fatura-de-novas-metas","status":"publish","type":"post","link":"https:\/\/blogs.correiobraziliense.com.br\/vicente\/coluna-no-correio-aliados-de-temer-ja-apresentam-fatura-de-novas-metas\/","title":{"rendered":"Coluna no Correio: Aliados de Temer j\u00e1 apresentam fatura de novas metas"},"content":{"rendered":"<p>A pergunta que todos est\u00e3o se fazendo na Esplanada dos Minist\u00e9rios \u00e9 quanto custar\u00e1 a aprova\u00e7\u00e3o do pacote fiscal anunciado pelo governo. As medidas \u2014 que incluem mudan\u00e7as nas metas de deficit nas contas p\u00fablicas deste ano e de 2018 e cortes de sal\u00e1rios e de benef\u00edcios de servidores \u2014 nem bem chegaram ao Congresso e a gritaria est\u00e1 enorme. Mesmo integrantes da base aliada do presidente Michel Temer se dizem contr\u00e1rios \u00e0s propostas. \u00c9 a senha de que o Pal\u00e1cio do Planalto ter\u00e1 que abrir os cofres e vagas na administra\u00e7\u00e3o federal para aplacar os \u00e2nimos. Ontem, assessores presidenciais admitiram que pelo menos 40 deputados ser\u00e3o contemplados com vagas para apadrinhados nos segundo e terceiro escal\u00f5es do governo.<\/p>\n<p>Os favores que ser\u00e3o exigidos por deputados e senadores t\u00eam muito a ver com a fragilidade de Temer. Como o presidente est\u00e1 amea\u00e7ado por novas den\u00fancias da Procuradoria-Geral da Rep\u00fablica, ter\u00e1 que ceder al\u00e9m dos limites para manter o cargo. Ainda assim, n\u00e3o h\u00e1 garantia de vit\u00f3ria. A cada dia que passa, o apoio ao governo fica mais caro, sobretudo porque a base aliada est\u00e1 minguando, distanciando-se da supremacia que o peemedebista dizia ter no Congresso. Agora, cada voto vale ouro.<\/p>\n<p>O Pal\u00e1cio do Planalto, por\u00e9m, j\u00e1 se preparou para a batalha. O argumento principal para convencer deputados e senadores de que o aumento dos deficits p\u00fablicos deste ano e de 2018 para R$ 159 bilh\u00f5es \u00e9 vital ser\u00e1 o de que o governo abrir\u00e1 uma folga no Or\u00e7amento para mais gastos, inclusive para emendas parlamentares. A previs\u00e3o \u00e9 de que sejam desbloqueados entre R$ 8 bilh\u00f5es e R$ 10 bilh\u00f5es, dos quais R$ 1 bilh\u00e3o extra para atender projetos listados pelos aliados em suas bases eleitorais. Somente para derrubar a den\u00fancia de corrup\u00e7\u00e3o passiva na C\u00e2mara, Temer liberou quase R$ 6 bilh\u00f5es em emendas. Essa fatura acabou inflando o rombo das contas p\u00fablicas.<\/p>\n<p>Condescend\u00eancia<\/p>\n<p>Mesmo entre integrantes da equipe econ\u00f4mica, que deveriam estar exalando otimismo, o reconhecimento \u00e9 de que o governo est\u00e1 numa situa\u00e7\u00e3o muito desconfort\u00e1vel para cantar vit\u00f3ria. Se conseguir aprovar as mudan\u00e7as nas metas fiscais, j\u00e1 ser\u00e1 uma vit\u00f3ria e tanto. Os t\u00e9cnicos ressaltam que o corte de sal\u00e1rios e de benef\u00edcios de servidores exigir\u00e1 muita habilidade pol\u00edtica do Planalto, devido \u00e0 for\u00e7a que as corpora\u00e7\u00f5es t\u00eam dentro do Congresso. Foram essas mesmas corpora\u00e7\u00f5es que criaram uma grande campanha contra a reforma da Previd\u00eancia, levando Temer a uma s\u00e9rie de recuos.<\/p>\n<p>\u00c9 importante ressaltar que, por medo de enfrentar uma paralisia da m\u00e1quina p\u00fablica no in\u00edcio de seu mandato, o presidente acabou sancionando uma s\u00e9rie de reajustes salariais a v\u00e1rias carreiras da elite do funcionalismo. \u00c9 justamente uma parte dos aumentos que o governo, agora, quer adiar de 2018 para 2019. A mobiliza\u00e7\u00e3o contra essa proposta come\u00e7ou antes mesmo de a equipe econ\u00f4mica oficializar o congelamento dos sal\u00e1rios. Manifesta\u00e7\u00f5es e greves est\u00e3o sendo articuladas. A tend\u00eancia \u00e9 de a Esplanada ser tomada por protestos. Certamente, o Congresso n\u00e3o ficar\u00e1 alheio a isso.<\/p>\n<p>O ideal, dizem t\u00e9cnicos, \u00e9 que o governo n\u00e3o recue em nenhum ponto do pacote. Se abrir precedentes, enterrar\u00e1 rapidamente o corte de despesas que est\u00e1 sendo dado como satisfa\u00e7\u00e3o \u00e0 sociedade para justificar rombos maiores nas contas p\u00fablicas. Pelo hist\u00f3rico de Temer, por\u00e9m, tudo \u00e9 poss\u00edvel. Basta um grupo falar mais alto para que ele volte atr\u00e1s. Se isso ocorrer, que ningu\u00e9m se espante se parte da equipe econ\u00f4mica, sobretudo a da Fazenda, pedir para sair. O descontentamento com as recentes concess\u00f5es feitas pelo presidente incomodaram muito os t\u00e9cnicos.<\/p>\n<p>\u201cSomos profissionais e temos a inten\u00e7\u00e3o de levar nosso trabalho at\u00e9 o fim. Mas isso n\u00e3o implica aceitar a excessiva condescend\u00eancia do Planalto. Foi justamente a postura leniente em v\u00e1rios momentos que agravou o quadro fiscal\u201d, afirma um t\u00e9cnico. Temer, portanto, deve ficar esperto. Se a equipe econ\u00f4mica rachar, s\u00f3 restar\u00e1 a ru\u00edna do governo.<\/p>\n","protected":false},"excerpt":{"rendered":"<p>A pergunta que todos est\u00e3o se fazendo na Esplanada dos Minist\u00e9rios \u00e9 quanto custar\u00e1 a aprova\u00e7\u00e3o do pacote fiscal anunciado pelo governo. As medidas \u2014 que incluem mudan\u00e7as nas metas de deficit nas contas p\u00fablicas deste ano e de 2018 e cortes de sal\u00e1rios e de benef\u00edcios de servidores \u2014 nem bem chegaram ao Congresso [&hellip;]<\/p>\n","protected":false},"author":22,"featured_media":0,"comment_status":"open","ping_status":"closed","sticky":false,"template":"","format":"standard","meta":{"footnotes":""},"categories":[600],"tags":[2583,2585,76,2584,781,2582,2405,541,125],"class_list":["post-5734","post","type-post","status-publish","format-standard","hentry","category-economia","tag-aliados","tag-cara","tag-deficit","tag-fatura","tag-fiscais","tag-metas","tag-michel","tag-rombo","tag-temer"],"_links":{"self":[{"href":"https:\/\/blogs.correiobraziliense.com.br\/vicente\/wp-json\/wp\/v2\/posts\/5734","targetHints":{"allow":["GET"]}}],"collection":[{"href":"https:\/\/blogs.correiobraziliense.com.br\/vicente\/wp-json\/wp\/v2\/posts"}],"about":[{"href":"https:\/\/blogs.correiobraziliense.com.br\/vicente\/wp-json\/wp\/v2\/types\/post"}],"author":[{"embeddable":true,"href":"https:\/\/blogs.correiobraziliense.com.br\/vicente\/wp-json\/wp\/v2\/users\/22"}],"replies":[{"embeddable":true,"href":"https:\/\/blogs.correiobraziliense.com.br\/vicente\/wp-json\/wp\/v2\/comments?post=5734"}],"version-history":[{"count":1,"href":"https:\/\/blogs.correiobraziliense.com.br\/vicente\/wp-json\/wp\/v2\/posts\/5734\/revisions"}],"predecessor-version":[{"id":5738,"href":"https:\/\/blogs.correiobraziliense.com.br\/vicente\/wp-json\/wp\/v2\/posts\/5734\/revisions\/5738"}],"wp:attachment":[{"href":"https:\/\/blogs.correiobraziliense.com.br\/vicente\/wp-json\/wp\/v2\/media?parent=5734"}],"wp:term":[{"taxonomy":"category","embeddable":true,"href":"https:\/\/blogs.correiobraziliense.com.br\/vicente\/wp-json\/wp\/v2\/categories?post=5734"},{"taxonomy":"post_tag","embeddable":true,"href":"https:\/\/blogs.correiobraziliense.com.br\/vicente\/wp-json\/wp\/v2\/tags?post=5734"}],"curies":[{"name":"wp","href":"https:\/\/api.w.org\/{rel}","templated":true}]}}