{"id":5709,"date":"2017-08-16T13:20:09","date_gmt":"2017-08-16T16:20:09","guid":{"rendered":"https:\/\/blogs.correiobraziliense.com.br\/vicente\/?p=5709"},"modified":"2017-08-16T13:45:18","modified_gmt":"2017-08-16T16:45:18","slug":"temer-reduz-em-r-10-o-salario-minimo-previsto-para-2018","status":"publish","type":"post","link":"https:\/\/blogs.correiobraziliense.com.br\/vicente\/temer-reduz-em-r-10-o-salario-minimo-previsto-para-2018\/","title":{"rendered":"Temer reduz em R$ 10 o sal\u00e1rio m\u00ednimo previsto para 2018"},"content":{"rendered":"<h2>Dentro da proposta de cortar gastos, para evitar um deficit fiscal ainda maior em 2018, o governo reduziu em R$ 10 o sal\u00e1rio m\u00ednimo projetado para 2018. Em vez de R$ 979, o rendimento m\u00ednimo, a partir de janeiro do ano que vem, ser\u00e1 de R$ 969.<\/h2>\n<p>&nbsp;<\/p>\n<p>Cada um real de economia significa redu\u00e7\u00e3o de cerca de R$ 32 milh\u00f5es por m\u00eas nos gastos da Previd\u00eancia Social, cujo rombo n\u00e3o para de crescer. Os R$ 10 a menos significar\u00e3o R$ 320 milh\u00f5es de economia por m\u00eas.<\/p>\n<p>&nbsp;<\/p>\n<p>O governo alegou que, com a proje\u00e7\u00e3o menor de infla\u00e7\u00e3o, n\u00e3o havia porque manter a proje\u00e7\u00e3o anterior para o sal\u00e1rio m\u00ednimo. Al\u00e9m disso, \u00e9 preciso controlar os gastos do Instituto Nacional do Seguro Social (INSS), hoje o maior foco de despesas do setor p\u00fablico.<\/p>\n<p>&nbsp;<\/p>\n<p><strong>Regra de corre\u00e7\u00e3o<\/strong><\/p>\n<p>&nbsp;<\/p>\n<p>A corre\u00e7\u00e3o do sal\u00e1rio m\u00ednimo segue uma regra firmada nos governos petistas. O piso salarial \u00e9 corrigido pela soma da varia\u00e7\u00e3o do Produto Interno Bruto (PIB) de dois anos antes e da infla\u00e7\u00e3o do ano anterior. No caso de 2018, como o resultado do PIB de 2016 foi negativo, caiu 3,5%, o governo s\u00f3 levar\u00e1 em conta a infla\u00e7\u00e3o projetada para 2017, de 4,2%.<\/p>\n<p>&nbsp;<\/p>\n<p>H\u00e1 um grupo de economistas, inclusive dentro do governo, que defende a desvincula\u00e7\u00e3o do sal\u00e1rio m\u00ednimo dos benef\u00edcios previdenci\u00e1rios. Essa proposta, inclusive, chegou a ser colocada no projeto original de reforma da Previd\u00eancia encaminhado ao Congresso, mas acabou bombardeada.<\/p>\n<p>&nbsp;<\/p>\n<p>Outra ala de especialistas diz que, ao ter corre\u00e7\u00e3o superior \u00e0 infla\u00e7\u00e3o, o sal\u00e1rio m\u00ednimo se tornou o principal respons\u00e1vel pela melhoria de vida da popula\u00e7\u00e3o. Foi o maior programa de distribui\u00e7\u00e3o de renda que se viu na hist\u00f3ria recente do pa\u00eds. Portanto, a atual pol\u00edtica de atualiza\u00e7\u00e3o do m\u00ednimo deve ser mantida<\/p>\n<p>&nbsp;<\/p>\n<p>A pol\u00eamica vai se estender nos pr\u00f3ximos meses, pois muitos pol\u00edticos est\u00e3o dispostos a garantir um ganho maior para o sal\u00e1rio m\u00ednimo durante as discuss\u00f5es do Or\u00e7amento de 2018 que ser\u00e3o travadas no Congresso. O projeto de Or\u00e7amento deve ser encaminhado ao Legislativo at\u00e9 31 de agosto.<\/p>\n<p>&nbsp;<\/p>\n","protected":false},"excerpt":{"rendered":"<p>Dentro da proposta de cortar gastos, para evitar um deficit fiscal ainda maior em 2018, o governo reduziu em R$ 10 o sal\u00e1rio m\u00ednimo projetado para 2018. Em vez de R$ 979, o rendimento m\u00ednimo, a partir de janeiro do ano que vem, ser\u00e1 de R$ 969. &nbsp; Cada um real de economia significa redu\u00e7\u00e3o [&hellip;]<\/p>\n","protected":false},"author":22,"featured_media":0,"comment_status":"open","ping_status":"closed","sticky":false,"template":"","format":"standard","meta":{"footnotes":""},"categories":[600],"tags":[489,2405,2567,719,85,125],"class_list":["post-5709","post","type-post","status-publish","format-standard","hentry","category-economia","tag-489","tag-michel","tag-minimo","tag-reducao","tag-salario","tag-temer"],"_links":{"self":[{"href":"https:\/\/blogs.correiobraziliense.com.br\/vicente\/wp-json\/wp\/v2\/posts\/5709","targetHints":{"allow":["GET"]}}],"collection":[{"href":"https:\/\/blogs.correiobraziliense.com.br\/vicente\/wp-json\/wp\/v2\/posts"}],"about":[{"href":"https:\/\/blogs.correiobraziliense.com.br\/vicente\/wp-json\/wp\/v2\/types\/post"}],"author":[{"embeddable":true,"href":"https:\/\/blogs.correiobraziliense.com.br\/vicente\/wp-json\/wp\/v2\/users\/22"}],"replies":[{"embeddable":true,"href":"https:\/\/blogs.correiobraziliense.com.br\/vicente\/wp-json\/wp\/v2\/comments?post=5709"}],"version-history":[{"count":8,"href":"https:\/\/blogs.correiobraziliense.com.br\/vicente\/wp-json\/wp\/v2\/posts\/5709\/revisions"}],"predecessor-version":[{"id":5717,"href":"https:\/\/blogs.correiobraziliense.com.br\/vicente\/wp-json\/wp\/v2\/posts\/5709\/revisions\/5717"}],"wp:attachment":[{"href":"https:\/\/blogs.correiobraziliense.com.br\/vicente\/wp-json\/wp\/v2\/media?parent=5709"}],"wp:term":[{"taxonomy":"category","embeddable":true,"href":"https:\/\/blogs.correiobraziliense.com.br\/vicente\/wp-json\/wp\/v2\/categories?post=5709"},{"taxonomy":"post_tag","embeddable":true,"href":"https:\/\/blogs.correiobraziliense.com.br\/vicente\/wp-json\/wp\/v2\/tags?post=5709"}],"curies":[{"name":"wp","href":"https:\/\/api.w.org\/{rel}","templated":true}]}}