{"id":5702,"date":"2017-08-16T12:31:57","date_gmt":"2017-08-16T15:31:57","guid":{"rendered":"https:\/\/blogs.correiobraziliense.com.br\/vicente\/?p=5702"},"modified":"2017-08-16T13:13:18","modified_gmt":"2017-08-16T16:13:18","slug":"reajustes-de-militares-custarao-r-46-bilhoes-aos-cofres-publicos","status":"publish","type":"post","link":"https:\/\/blogs.correiobraziliense.com.br\/vicente\/reajustes-de-militares-custarao-r-46-bilhoes-aos-cofres-publicos\/","title":{"rendered":"Reajustes de militares custar\u00e3o R$ 4,6 bilh\u00f5es aos cofres p\u00fablicos em 2018"},"content":{"rendered":"<h2>POR ANTONIO TEM\u00d3TEO<\/h2>\n<h2><\/h2>\n<h2>As press\u00f5es da c\u00fapula das For\u00e7as Armadas garantiram aos militares o reajuste salarial previsto para 2018, enquanto os servidores civis ter\u00e3o a revis\u00e3o nos contracheques adiada para 2019. A decis\u00e3o do governo foi comunicada na ter\u00e7a-feira, 15, pelos ministros da Fazenda, Henrique Meirelles, e do Planejamento, Dyogo Oliveira, e custar\u00e1 R$ 4,6 bilh\u00f5es aos cofres p\u00fablicos no pr\u00f3ximo ano.<\/h2>\n<p>&nbsp;<\/p>\n<p>A estimativa inicial do Executivo era de economizar at\u00e9 R$ 9,7 bilh\u00f5es com o adiamento das revis\u00f5es de servidores civis e militares. Entretanto, o valor encolheu para R$ 5,1 bilh\u00f5es ap\u00f3s fortes articula\u00e7\u00f5es\u00a0dos comandantes da Marinha, do Ex\u00e9rcito e da Aeron\u00e1utica. O presidente Michel Temer ouviu o apelo da ala pol\u00edtica do Pal\u00e1cio do Planalto, que alegou n\u00e3o ser um bom momento comprar briga com a caserna.<\/p>\n<p>&nbsp;<\/p>\n<p>Os militares tamb\u00e9m ficaram de fora da proposta de reforma da Previd\u00eancia. Apesar de toda a press\u00e3o do Minist\u00e9rio do Planejamento para que integrantes das tr\u00eas For\u00e7as dessem sua de sacrif\u00edcio, o Planalto achou por bem ouvir o ministro da Defesa, Raul Jungmann, que repassou a Temer um quadro nada agrad\u00e1vel, de rebeli\u00e3o dos altos escal\u00f5es do Ex\u00e9rcito, da Marinha e da Aeron\u00e1utica.<\/p>\n<p>&nbsp;<\/p>\n<p>Segundo pol\u00edticos ligados ao Planalto, os militares foram muito prejudicados nos \u00faltimos anos. Portanto, n\u00e3o seria justo mant\u00ea-los sem reajustes em 2018. J\u00e1 os servidores civis tiveram corre\u00e7\u00f5es generosas ao longo da \u00faltima d\u00e9cada, al\u00e9m de as remunera\u00e7\u00f5es serem muito maiores no que nas For\u00e7as Armadas.<\/p>\n<p>&nbsp;<\/p>\n<p>&nbsp;<\/p>\n","protected":false},"excerpt":{"rendered":"<p>POR ANTONIO TEM\u00d3TEO As press\u00f5es da c\u00fapula das For\u00e7as Armadas garantiram aos militares o reajuste salarial previsto para 2018, enquanto os servidores civis ter\u00e3o a revis\u00e3o nos contracheques adiada para 2019. A decis\u00e3o do governo foi comunicada na ter\u00e7a-feira, 15, pelos ministros da Fazenda, Henrique Meirelles, e do Planejamento, Dyogo Oliveira, e custar\u00e1 R$ 4,6 [&hellip;]<\/p>\n","protected":false},"author":22,"featured_media":0,"comment_status":"open","ping_status":"closed","sticky":false,"template":"","format":"standard","meta":{"footnotes":""},"categories":[600],"tags":[2565,2563,1592,2564,769,2209],"class_list":["post-5702","post","type-post","status-publish","format-standard","hentry","category-economia","tag-aeronautica","tag-exercito","tag-forcas-armadas","tag-marinha","tag-militares","tag-reajuste-salarial"],"_links":{"self":[{"href":"https:\/\/blogs.correiobraziliense.com.br\/vicente\/wp-json\/wp\/v2\/posts\/5702","targetHints":{"allow":["GET"]}}],"collection":[{"href":"https:\/\/blogs.correiobraziliense.com.br\/vicente\/wp-json\/wp\/v2\/posts"}],"about":[{"href":"https:\/\/blogs.correiobraziliense.com.br\/vicente\/wp-json\/wp\/v2\/types\/post"}],"author":[{"embeddable":true,"href":"https:\/\/blogs.correiobraziliense.com.br\/vicente\/wp-json\/wp\/v2\/users\/22"}],"replies":[{"embeddable":true,"href":"https:\/\/blogs.correiobraziliense.com.br\/vicente\/wp-json\/wp\/v2\/comments?post=5702"}],"version-history":[{"count":6,"href":"https:\/\/blogs.correiobraziliense.com.br\/vicente\/wp-json\/wp\/v2\/posts\/5702\/revisions"}],"predecessor-version":[{"id":5708,"href":"https:\/\/blogs.correiobraziliense.com.br\/vicente\/wp-json\/wp\/v2\/posts\/5702\/revisions\/5708"}],"wp:attachment":[{"href":"https:\/\/blogs.correiobraziliense.com.br\/vicente\/wp-json\/wp\/v2\/media?parent=5702"}],"wp:term":[{"taxonomy":"category","embeddable":true,"href":"https:\/\/blogs.correiobraziliense.com.br\/vicente\/wp-json\/wp\/v2\/categories?post=5702"},{"taxonomy":"post_tag","embeddable":true,"href":"https:\/\/blogs.correiobraziliense.com.br\/vicente\/wp-json\/wp\/v2\/tags?post=5702"}],"curies":[{"name":"wp","href":"https:\/\/api.w.org\/{rel}","templated":true}]}}