{"id":5700,"date":"2017-08-16T06:03:01","date_gmt":"2017-08-16T09:03:01","guid":{"rendered":"https:\/\/blogs.correiobraziliense.com.br\/vicente\/?p=5700"},"modified":"2017-08-16T11:18:39","modified_gmt":"2017-08-16T14:18:39","slug":"coluna-no-correio-rombo-fiscal-atingira-r-8137-bi-em-sete-anos","status":"publish","type":"post","link":"https:\/\/blogs.correiobraziliense.com.br\/vicente\/coluna-no-correio-rombo-fiscal-atingira-r-8137-bi-em-sete-anos\/","title":{"rendered":"Coluna no Correio: Rombo fiscal atingir\u00e1 R$ 813,7 bi em sete anos"},"content":{"rendered":"<p>Ao anunciar as novas metas fiscais para este ano e para 2018, de deficits de at\u00e9 R$ 159 bilh\u00f5es, o ministro da Fazenda, Henrique Meirelles, fez quest\u00e3o de frisar, v\u00e1rias vezes, que os rombos maiores vinham acompanhados de um esfor\u00e7o enorme do governo para manter as contas p\u00fablicas sob controle. O chefe da equipe econ\u00f4mica tentou mostrar que, apesar de toda a press\u00e3o pol\u00edtica para manter as torneiras dos gastos abertas, havia prevalecido o bom senso e um compromisso real de enxugar a m\u00e1quina p\u00fablica por meio de cortes de sal\u00e1rios e de benef\u00edcios de servidores.<\/p>\n<p>&nbsp;<\/p>\n<p>N\u00e3o h\u00e1 d\u00favidas que Meirelles e o ministro do Planejamento, Dyogo Oliveira, conseguiram evitar os excessos vindos da base aliada do governo. Mas \u00e9 preciso registrar: n\u00e3o h\u00e1 ajuste fiscal efetivo. O que a equipe econ\u00f4mica est\u00e1 tentando fazer \u00e9 estancar a sangria apostando que, mais \u00e0 frente, o aumento de receitas, mesmo que por meio da eleva\u00e7\u00e3o de impostos, far\u00e1 o dever de casa. A situa\u00e7\u00e3o \u00e9 t\u00e3o dram\u00e1tica que o chefe da Fazenda estava contando com receitas da infla\u00e7\u00e3o para reduzir o buraco nas contas. Como o custo de vida caiu, o Tesouro deixar\u00e1 de arrecadar R$ 19 bilh\u00f5es neste ano e R$ 23 bilh\u00f5es em 2018. S\u00f3 mesmo o descontrole fiscal explica tal depend\u00eancia.<\/p>\n<p>&nbsp;<\/p>\n<p>Pelos dados apresentados pela equipe econ\u00f4mica, o Brasil registrar\u00e1 pelo menos sete anos seguidos de deficit nas contas p\u00fablicas, de 2014 a 2020. No total, o rombo acumulado nesse per\u00edodo ser\u00e1 de R$ 813,7 bilh\u00f5es. \u00c9 uma monstruosidade. Supondo que as frustra\u00e7\u00f5es de receitas podem se repetir nos pr\u00f3ximos anos, o buraco poder\u00e1 ser maior e se estender para al\u00e9m de 2021. N\u00e3o h\u00e1 economia s\u00e9ria que resista por tanto tempo com as finan\u00e7as em frangalhos. O resultado ser\u00e1 a explos\u00e3o do endividamento p\u00fablico, que, j\u00e1 no fim de 2017, encostar\u00e1 nos 80% do Produto Interno Bruto (PIB). Na m\u00e9dia dos pa\u00edses emergentes, a rela\u00e7\u00e3o entre a d\u00edvida e o PIB \u00e9 de 40%.<\/p>\n<p>&nbsp;<\/p>\n<p><strong>Remendos<\/strong><\/p>\n<p>&nbsp;<\/p>\n<p>O mais preocupante \u00e9 que, mesmo com o sacrif\u00edcio que est\u00e1 sendo imposto aos servidores, os gastos com a m\u00e1quina continuar\u00e3o crescendo. H\u00e1 um descompasso enorme entre os poderes da Rep\u00fablica. Enquanto os funcion\u00e1rios do Executivo ter\u00e3o sal\u00e1rios congelados e benef\u00edcios reduzidos, a farra continuar\u00e1 latente no Judici\u00e1rio, no Legislativo e no Minist\u00e9rio P\u00fablico da Uni\u00e3o. O esfor\u00e7o que Meirelles tentou indicar que est\u00e1 sendo feito ser\u00e1 pouco perto do descompromisso fora da Esplanada dos Minist\u00e9rios. Ser\u00e1 como fechar metade do ralo.<\/p>\n<p>&nbsp;<\/p>\n<p>O remendo de ajuste fiscal \u00e9 resultado da fragilidade do governo de Michel Temer, que cedeu a todas as exig\u00eancias de sua fisiol\u00f3gica base de apoio. Nos \u00faltimos dias, os pol\u00edticos aos quais o presidente submeteu a revis\u00e3o das metas fiscais vetaram 70% das propostas de aumento de impostos apresentadas pela equipe econ\u00f4mica. Sobraram alternativas perif\u00e9ricas, que pouco v\u00e3o ajudar no equacionamento das finan\u00e7as federais. O time comandado por Meirelles sabe que perdeu a batalha, mesmo tendo prevalecido a proposta da Fazenda de fixar deficits m\u00e1ximos de R$ 159 bilh\u00f5es neste ano e em 2018. Mas o discurso ser\u00e1 de que o compromisso com a responsabilidade fiscal est\u00e1 mantido.<\/p>\n<p>&nbsp;<\/p>\n<p>Esse discurso, por sinal, ser\u00e1 importante, para que todas as medidas anunciadas ontem, sobretudo as que se referem aos servidores, sejam aprovadas no Congresso. O governo tem a exata no\u00e7\u00e3o da for\u00e7a das corpora\u00e7\u00f5es junto a deputados e senadores. A bancada do Distrito Federal j\u00e1 avisou que, no que depender dela, nada que signifique perdas para o funcionalismo p\u00fablico passar\u00e1 no Legislativo. \u00c9 preciso levar em conta que todo o pacote de ajuste proposto pela equipe econ\u00f4mica enfrentar\u00e1 a concorr\u00eancia da pr\u00f3xima den\u00fancia contra Temer preparada, a toque de caixa, pela Procuradoria-Geral da Rep\u00fablica.<\/p>\n<p>&nbsp;<\/p>\n<p><strong>Mediocridade<\/strong><\/p>\n<p>&nbsp;<\/p>\n<p>A sorte do governo \u00e9 que os investidores est\u00e3o relevando o desastre das contas p\u00fablicas. A ordem impl\u00edcita no mercado \u00e9 fechar os olhos para a realidade e se abra\u00e7ar com o pouco oferecido pelo grupo liderado por Meirelles. Para os donos do dinheiro, o mais importante \u00e9 que o atual governo consiga fazer uma transi\u00e7\u00e3o sem traumas at\u00e9 o fim de 2018 e, melhor, que, no meio do caminho, as receitas puxadas pela retomada da atividade tornem o cumprimento das metas fiscais menos dolorido. Nesse cen\u00e1rio med\u00edocre, n\u00e3o est\u00e1 contemplada a aprova\u00e7\u00e3o da reforma da Previd\u00eancia Social.<\/p>\n<p>&nbsp;<\/p>\n<p>Para os que apostaram alto no governo Temer, que chegou ao poder com um discurso fiscalista e reformista, \u00e9 pouco, mas \u00e9 o que se tem para o momento. A torcida \u00e9 para que o Congresso estenda ao menos uma m\u00e3ozinha \u00e0 equipe econ\u00f4mica e entregue o pouco que est\u00e1 sendo pedido. Meirelles, que saiu muito desgastado junto a Temer por causa do embate com a ala pol\u00edtica do governo, conta com um aliado recente, o presidente da C\u00e2mara, Rodrigo Maia. Os dois est\u00e3o muito pr\u00f3ximos. S\u00f3 n\u00e3o se sabe que proveito o pa\u00eds poder\u00e1 tirar dessa rela\u00e7\u00e3o.<\/p>\n<p>&nbsp;<\/p>\n<p><em>Bras\u00edlia, 06h03min<\/em><\/p>\n","protected":false},"excerpt":{"rendered":"<p>Ao anunciar as novas metas fiscais para este ano e para 2018, de deficits de at\u00e9 R$ 159 bilh\u00f5es, o ministro da Fazenda, Henrique Meirelles, fez quest\u00e3o de frisar, v\u00e1rias vezes, que os rombos maiores vinham acompanhados de um esfor\u00e7o enorme do governo para manter as contas p\u00fablicas sob controle. O chefe da equipe econ\u00f4mica [&hellip;]<\/p>\n","protected":false},"author":22,"featured_media":0,"comment_status":"open","ping_status":"closed","sticky":false,"template":"","format":"standard","meta":{"footnotes":""},"categories":[600],"tags":[76,2433,802,2431,14,2432,2405,541,125],"class_list":["post-5700","post","type-post","status-publish","format-standard","hentry","category-economia","tag-deficit","tag-fiscal","tag-gastos","tag-henrique","tag-inflacao","tag-meirelles","tag-michel","tag-rombo","tag-temer"],"_links":{"self":[{"href":"https:\/\/blogs.correiobraziliense.com.br\/vicente\/wp-json\/wp\/v2\/posts\/5700","targetHints":{"allow":["GET"]}}],"collection":[{"href":"https:\/\/blogs.correiobraziliense.com.br\/vicente\/wp-json\/wp\/v2\/posts"}],"about":[{"href":"https:\/\/blogs.correiobraziliense.com.br\/vicente\/wp-json\/wp\/v2\/types\/post"}],"author":[{"embeddable":true,"href":"https:\/\/blogs.correiobraziliense.com.br\/vicente\/wp-json\/wp\/v2\/users\/22"}],"replies":[{"embeddable":true,"href":"https:\/\/blogs.correiobraziliense.com.br\/vicente\/wp-json\/wp\/v2\/comments?post=5700"}],"version-history":[{"count":1,"href":"https:\/\/blogs.correiobraziliense.com.br\/vicente\/wp-json\/wp\/v2\/posts\/5700\/revisions"}],"predecessor-version":[{"id":5701,"href":"https:\/\/blogs.correiobraziliense.com.br\/vicente\/wp-json\/wp\/v2\/posts\/5700\/revisions\/5701"}],"wp:attachment":[{"href":"https:\/\/blogs.correiobraziliense.com.br\/vicente\/wp-json\/wp\/v2\/media?parent=5700"}],"wp:term":[{"taxonomy":"category","embeddable":true,"href":"https:\/\/blogs.correiobraziliense.com.br\/vicente\/wp-json\/wp\/v2\/categories?post=5700"},{"taxonomy":"post_tag","embeddable":true,"href":"https:\/\/blogs.correiobraziliense.com.br\/vicente\/wp-json\/wp\/v2\/tags?post=5700"}],"curies":[{"name":"wp","href":"https:\/\/api.w.org\/{rel}","templated":true}]}}