{"id":5696,"date":"2017-08-15T20:03:23","date_gmt":"2017-08-15T23:03:23","guid":{"rendered":"https:\/\/blogs.correiobraziliense.com.br\/vicente\/?p=5696"},"modified":"2017-08-15T20:03:23","modified_gmt":"2017-08-15T23:03:23","slug":"governo-tributara-fundos-de-investimentos-exclusivos","status":"publish","type":"post","link":"https:\/\/blogs.correiobraziliense.com.br\/vicente\/governo-tributara-fundos-de-investimentos-exclusivos\/","title":{"rendered":"Governo tributar\u00e1 fundos de investimentos exclusivos"},"content":{"rendered":"<p>POR ANTONIO TEM\u00d3TEO E ROSANA HESSEL<\/p>\n<p>&nbsp;<\/p>\n<p>O governo impor\u00e1 uma al\u00edquota que variar\u00e1 entre 15% e 22% para fundos de investimentos exclusivos, que n\u00e3o s\u00e3o abertos ao p\u00fablicos. Pelas contas do Executivo, a medida tem potencial para arrecadar at\u00e9 R$ 6 bilh\u00f5es em 2018. Al\u00e9m disso, outros R$ 2,6 bilh\u00f5es ser\u00e3o arrecadados com o programa Reintegra e mais R$ 4 bilh\u00f5es com reonera\u00e7\u00e3o da folha de pagamentos.<\/p>\n<p>&nbsp;<\/p>\n","protected":false},"excerpt":{"rendered":"<p>POR ANTONIO TEM\u00d3TEO E ROSANA HESSEL &nbsp; O governo impor\u00e1 uma al\u00edquota que variar\u00e1 entre 15% e 22% para fundos de investimentos exclusivos, que n\u00e3o s\u00e3o abertos ao p\u00fablicos. Pelas contas do Executivo, a medida tem potencial para arrecadar at\u00e9 R$ 6 bilh\u00f5es em 2018. Al\u00e9m disso, outros R$ 2,6 bilh\u00f5es ser\u00e3o arrecadados com o [&hellip;]<\/p>\n","protected":false},"author":22,"featured_media":0,"comment_status":"open","ping_status":"closed","sticky":false,"template":"","format":"standard","meta":{"footnotes":""},"categories":[600],"tags":[],"class_list":["post-5696","post","type-post","status-publish","format-standard","hentry","category-economia"],"_links":{"self":[{"href":"https:\/\/blogs.correiobraziliense.com.br\/vicente\/wp-json\/wp\/v2\/posts\/5696","targetHints":{"allow":["GET"]}}],"collection":[{"href":"https:\/\/blogs.correiobraziliense.com.br\/vicente\/wp-json\/wp\/v2\/posts"}],"about":[{"href":"https:\/\/blogs.correiobraziliense.com.br\/vicente\/wp-json\/wp\/v2\/types\/post"}],"author":[{"embeddable":true,"href":"https:\/\/blogs.correiobraziliense.com.br\/vicente\/wp-json\/wp\/v2\/users\/22"}],"replies":[{"embeddable":true,"href":"https:\/\/blogs.correiobraziliense.com.br\/vicente\/wp-json\/wp\/v2\/comments?post=5696"}],"version-history":[{"count":1,"href":"https:\/\/blogs.correiobraziliense.com.br\/vicente\/wp-json\/wp\/v2\/posts\/5696\/revisions"}],"predecessor-version":[{"id":5697,"href":"https:\/\/blogs.correiobraziliense.com.br\/vicente\/wp-json\/wp\/v2\/posts\/5696\/revisions\/5697"}],"wp:attachment":[{"href":"https:\/\/blogs.correiobraziliense.com.br\/vicente\/wp-json\/wp\/v2\/media?parent=5696"}],"wp:term":[{"taxonomy":"category","embeddable":true,"href":"https:\/\/blogs.correiobraziliense.com.br\/vicente\/wp-json\/wp\/v2\/categories?post=5696"},{"taxonomy":"post_tag","embeddable":true,"href":"https:\/\/blogs.correiobraziliense.com.br\/vicente\/wp-json\/wp\/v2\/tags?post=5696"}],"curies":[{"name":"wp","href":"https:\/\/api.w.org\/{rel}","templated":true}]}}