{"id":5694,"date":"2017-08-15T19:57:51","date_gmt":"2017-08-15T22:57:51","guid":{"rendered":"https:\/\/blogs.correiobraziliense.com.br\/vicente\/?p=5694"},"modified":"2017-08-15T19:57:51","modified_gmt":"2017-08-15T22:57:51","slug":"pais-registrara-rombo-nas-contas-publicas-ate-2020","status":"publish","type":"post","link":"https:\/\/blogs.correiobraziliense.com.br\/vicente\/pais-registrara-rombo-nas-contas-publicas-ate-2020\/","title":{"rendered":"Pa\u00eds registrar\u00e1 rombo nas contas p\u00fablicas at\u00e9 2020"},"content":{"rendered":"<p>POR ANTONIO TEM\u00d3TEO E ROSANA HESSEL<\/p>\n<p>&nbsp;<\/p>\n<p>Pelas contas do governo, o rombo nas contas p\u00fablicas continuar\u00e1 at\u00e9 2020. Al\u00e9m de revisar as metas fiscais de 2017 e 2018, com previs\u00e3o de deficit de R$ 159 bilh\u00f5es por ano, o Executivo estimou que o buraco or\u00e7ament\u00e1rio ser\u00e1 R$ 137,8 bilh\u00f5es em 2019 e de R$ 51,8 bilh\u00f5es em 2020.<\/p>\n<p>&nbsp;<\/p>\n<p>A promessa do governo era de que o pa\u00eds voltasse a fazer economia para pagar os juros da d\u00edvida em 2020. A estimativa anterior era de um deficit de R$ 65 bilh\u00f5es em 2019 e de um superavit de R$ 10 bilh\u00f5es no ano seguinte. Entretanto, a queda na arrecada\u00e7\u00e3o e o encolhimento da infla\u00e7\u00e3o afetar\u00e3o as receitas do governo.<\/p>\n","protected":false},"excerpt":{"rendered":"<p>POR ANTONIO TEM\u00d3TEO E ROSANA HESSEL &nbsp; Pelas contas do governo, o rombo nas contas p\u00fablicas continuar\u00e1 at\u00e9 2020. Al\u00e9m de revisar as metas fiscais de 2017 e 2018, com previs\u00e3o de deficit de R$ 159 bilh\u00f5es por ano, o Executivo estimou que o buraco or\u00e7ament\u00e1rio ser\u00e1 R$ 137,8 bilh\u00f5es em 2019 e de R$ [&hellip;]<\/p>\n","protected":false},"author":22,"featured_media":0,"comment_status":"open","ping_status":"closed","sticky":false,"template":"","format":"standard","meta":{"footnotes":""},"categories":[600],"tags":[2369,1125,2082,2562],"class_list":["post-5694","post","type-post","status-publish","format-standard","hentry","category-economia","tag-2369","tag-1125","tag-deficit-fiscal","tag-rombo-nas-contas-publicas"],"_links":{"self":[{"href":"https:\/\/blogs.correiobraziliense.com.br\/vicente\/wp-json\/wp\/v2\/posts\/5694","targetHints":{"allow":["GET"]}}],"collection":[{"href":"https:\/\/blogs.correiobraziliense.com.br\/vicente\/wp-json\/wp\/v2\/posts"}],"about":[{"href":"https:\/\/blogs.correiobraziliense.com.br\/vicente\/wp-json\/wp\/v2\/types\/post"}],"author":[{"embeddable":true,"href":"https:\/\/blogs.correiobraziliense.com.br\/vicente\/wp-json\/wp\/v2\/users\/22"}],"replies":[{"embeddable":true,"href":"https:\/\/blogs.correiobraziliense.com.br\/vicente\/wp-json\/wp\/v2\/comments?post=5694"}],"version-history":[{"count":1,"href":"https:\/\/blogs.correiobraziliense.com.br\/vicente\/wp-json\/wp\/v2\/posts\/5694\/revisions"}],"predecessor-version":[{"id":5695,"href":"https:\/\/blogs.correiobraziliense.com.br\/vicente\/wp-json\/wp\/v2\/posts\/5694\/revisions\/5695"}],"wp:attachment":[{"href":"https:\/\/blogs.correiobraziliense.com.br\/vicente\/wp-json\/wp\/v2\/media?parent=5694"}],"wp:term":[{"taxonomy":"category","embeddable":true,"href":"https:\/\/blogs.correiobraziliense.com.br\/vicente\/wp-json\/wp\/v2\/categories?post=5694"},{"taxonomy":"post_tag","embeddable":true,"href":"https:\/\/blogs.correiobraziliense.com.br\/vicente\/wp-json\/wp\/v2\/tags?post=5694"}],"curies":[{"name":"wp","href":"https:\/\/api.w.org\/{rel}","templated":true}]}}