{"id":5690,"date":"2017-08-15T16:15:38","date_gmt":"2017-08-15T19:15:38","guid":{"rendered":"https:\/\/blogs.correiobraziliense.com.br\/vicente\/?p=5690"},"modified":"2017-08-15T17:42:46","modified_gmt":"2017-08-15T20:42:46","slug":"se-reforma-da-previdencia-nao-sair-tera-plano-b-diz-presidente-do-bb","status":"publish","type":"post","link":"https:\/\/blogs.correiobraziliense.com.br\/vicente\/se-reforma-da-previdencia-nao-sair-tera-plano-b-diz-presidente-do-bb\/","title":{"rendered":"&#8220;Se reforma da Previd\u00eancia n\u00e3o sair, ter\u00e1 plano B&#8221;, diz presidente do BB"},"content":{"rendered":"<p>O presidente do Banco do Brasil, Paulo Rog\u00e9rio Caffarelli, diz que h\u00e1 um volume enorme de investimentos prestes a sair da gaveta, mas, para isso, \u00e9 necess\u00e1rio que o Congresso aprove a reforma da Previd\u00eancia para permitir um ajuste mais consistente das contas p\u00fablicas. Em entrevista ao <strong>CB. Poder<\/strong>, transmitido pela <em>Tev\u00ea Bras\u00edlia<\/em> em parceria com o <strong>Correio<\/strong>, ele reconhece que ficou mais dif\u00edcil uma vit\u00f3ria do Planalto, mas, &#8220;se a reforma n\u00e3o sair, ter\u00e1 um plano B&#8221;<\/p>\n<p>&nbsp;<\/p>\n<p><a href=\"https:\/\/www.youtube.com\/watch?v=qpOLCqY6LV4\">https:\/\/www.youtube.com\/watch?v=qpOLCqY6LV4<\/a><\/p>\n<p>&nbsp;<\/p>\n<p>Caffarelli diz que o pior da recess\u00e3o ficou para tr\u00e1s e que os bancos est\u00e3o preparados para atender a demanda maior por cr\u00e9dito quando o crescimento for retomado. Ele garante que o sistema financeiro vem repassando, de forma sistem\u00e1tica, para os consumidores a redu\u00e7\u00e3o da taxa b\u00e1sica de juros (Selic). Desde outubro de 2016, a Selic recuou de 14,25% para 9,25% ao ano. &#8220;O repasse est\u00e1 sendo feito a cada queda da taxa b\u00e1sica&#8221;, afirma. Ele reconhece, por\u00e9m, que, mesmo com todo o recuo, os juros cobrados de empresas e consumidores s\u00e3o muito altos.<\/p>\n<p>&nbsp;<\/p>\n<p><a href=\"https:\/\/www.youtube.com\/watch?v=oxI4xYoZFZM\">https:\/\/www.youtube.com\/watch?v=oxI4xYoZFZM<\/a><\/p>\n<p>&nbsp;<\/p>\n<p>&#8220;Quanto mais r\u00e1pido a economia retomar, quanto mais a carteira de cr\u00e9dito crescer, quando mais a inadimpl\u00eancia cair, menores ficar\u00e3o as taxas de juros&#8221;, diz o presidente do BB. Ele garante que o banco est\u00e1 fazendo sua parte ao reduzir os juros e ampliar a oferta de cr\u00e9dito. &#8220;Assim como na crise de 2009, o Banco do Brasil n\u00e3o deixou, em nenhum momento, de assistir seus clientes, principalmente as empresas&#8221;, frisa.<\/p>\n<p>&nbsp;<\/p>\n<p>Sobre o envolvimento do Banco do Brasil em den\u00fancias de corrup\u00e7\u00e3o (um ex-diretor, Henrique Pizzolato, foi preso durante o mensal\u00e3o, e um ex-presidente, Aldemir Bendine, acabou atr\u00e1s das grades durante a Opera\u00e7\u00e3o Lava-Jato), assegura que a institui\u00e7\u00e3o est\u00e1 colaborando com a Justi\u00e7a. &#8220;N\u00e3o vou entrar em casos espec\u00edficos, mas quero dizer que o Banco do Brasil, ao longo do tempo, tem um trabalho muito forte de colabora\u00e7\u00e3o com as autoridades. Em nenhum momento, nos privamos de prestar qualquer tipo de informa\u00e7\u00e3o que possa auxiliar os trabalhos de investiga\u00e7\u00e3o&#8221;, assinala.<\/p>\n<p>&nbsp;<\/p>\n<p><em>Bras\u00edlia, 16h15min<\/em><\/p>\n","protected":false},"excerpt":{"rendered":"<p>O presidente do Banco do Brasil, Paulo Rog\u00e9rio Caffarelli, diz que h\u00e1 um volume enorme de investimentos prestes a sair da gaveta, mas, para isso, \u00e9 necess\u00e1rio que o Congresso aprove a reforma da Previd\u00eancia para permitir um ajuste mais consistente das contas p\u00fablicas. Em entrevista ao CB. Poder, transmitido pela Tev\u00ea Bras\u00edlia em parceria [&hellip;]<\/p>\n","protected":false},"author":22,"featured_media":0,"comment_status":"open","ping_status":"closed","sticky":false,"template":"","format":"standard","meta":{"footnotes":""},"categories":[600],"tags":[],"class_list":["post-5690","post","type-post","status-publish","format-standard","hentry","category-economia"],"_links":{"self":[{"href":"https:\/\/blogs.correiobraziliense.com.br\/vicente\/wp-json\/wp\/v2\/posts\/5690","targetHints":{"allow":["GET"]}}],"collection":[{"href":"https:\/\/blogs.correiobraziliense.com.br\/vicente\/wp-json\/wp\/v2\/posts"}],"about":[{"href":"https:\/\/blogs.correiobraziliense.com.br\/vicente\/wp-json\/wp\/v2\/types\/post"}],"author":[{"embeddable":true,"href":"https:\/\/blogs.correiobraziliense.com.br\/vicente\/wp-json\/wp\/v2\/users\/22"}],"replies":[{"embeddable":true,"href":"https:\/\/blogs.correiobraziliense.com.br\/vicente\/wp-json\/wp\/v2\/comments?post=5690"}],"version-history":[{"count":1,"href":"https:\/\/blogs.correiobraziliense.com.br\/vicente\/wp-json\/wp\/v2\/posts\/5690\/revisions"}],"predecessor-version":[{"id":5691,"href":"https:\/\/blogs.correiobraziliense.com.br\/vicente\/wp-json\/wp\/v2\/posts\/5690\/revisions\/5691"}],"wp:attachment":[{"href":"https:\/\/blogs.correiobraziliense.com.br\/vicente\/wp-json\/wp\/v2\/media?parent=5690"}],"wp:term":[{"taxonomy":"category","embeddable":true,"href":"https:\/\/blogs.correiobraziliense.com.br\/vicente\/wp-json\/wp\/v2\/categories?post=5690"},{"taxonomy":"post_tag","embeddable":true,"href":"https:\/\/blogs.correiobraziliense.com.br\/vicente\/wp-json\/wp\/v2\/tags?post=5690"}],"curies":[{"name":"wp","href":"https:\/\/api.w.org\/{rel}","templated":true}]}}