{"id":5685,"date":"2017-08-15T13:15:36","date_gmt":"2017-08-15T16:15:36","guid":{"rendered":"https:\/\/blogs.correiobraziliense.com.br\/vicente\/?p=5685"},"modified":"2017-08-15T13:25:39","modified_gmt":"2017-08-15T16:25:39","slug":"previc-decreta-intervencao-na","status":"publish","type":"post","link":"https:\/\/blogs.correiobraziliense.com.br\/vicente\/previc-decreta-intervencao-na\/","title":{"rendered":"Previc decreta interven\u00e7\u00e3o na Funda\u00e7\u00e3o CEEE de Seguridade Social"},"content":{"rendered":"<p class=\"p1\">POR ANTONIO TEM\u00d3TEO<\/p>\n<p class=\"p1\">A diretoria colegiada da Superintend\u00eancia Nacional de Previd\u00eancia Complementar (Previc) decretou hoje interven\u00e7\u00e3o por 180 dias na Funda\u00e7\u00e3o CEEE de Seguridade Social, o fundo de pens\u00e3o da Companhia Estadual de Energia El\u00e9trica do Rio Grande do Sul.<\/p>\n<p class=\"p1\">A entidade fechada de previd\u00eancia complementar multipatrocinada administra planos de benef\u00edcios de empresas do setor de energia e planos institu\u00eddos de diversas entidades do sul do pa\u00eds.<\/p>\n<p class=\"p1\">T\u00e9cnicos da Previc ouvidos reservadamente detalharam que a Funda\u00e7\u00e3o CEEE\u00a0descumpria o pr\u00f3prio estatuto por problemas na composi\u00e7\u00e3o do conselho deliberativo. Os diretores, conselheiros deliberativos e fiscais foram destitu\u00eddos pelo interventor e uma nova elei\u00e7\u00e3o ser\u00e1 conduzida para escolha dos membros do colegiado.<\/p>\n<p class=\"p1\">Conforme o decreto, a interven\u00e7\u00e3o se baseou no descumprimento de disposi\u00e7\u00f5es estatut\u00e1rias ou de obriga\u00e7\u00f5es previstas nos regulamentos dos planos de benef\u00edcios, conv\u00eanios de ades\u00e3o ou contratos dos planos coletivos.<\/p>\n<p class=\"p1\">Al\u00e9m disso, Roger Odillo Klafke foi designado interventor na funda\u00e7\u00e3o. Caber\u00e1 ao fundo de pens\u00e3o custear a remunera\u00e7\u00e3o e as despesas com alimento e deslocamento do interventor.<\/p>\n","protected":false},"excerpt":{"rendered":"<p>POR ANTONIO TEM\u00d3TEO A diretoria colegiada da Superintend\u00eancia Nacional de Previd\u00eancia Complementar (Previc) decretou hoje interven\u00e7\u00e3o por 180 dias na Funda\u00e7\u00e3o CEEE de Seguridade Social, o fundo de pens\u00e3o da Companhia Estadual de Energia El\u00e9trica do Rio Grande do Sul. A entidade fechada de previd\u00eancia complementar multipatrocinada administra planos de benef\u00edcios de empresas do setor [&hellip;]<\/p>\n","protected":false},"author":22,"featured_media":0,"comment_status":"open","ping_status":"closed","sticky":false,"template":"","format":"standard","meta":{"footnotes":""},"categories":[600],"tags":[2561,710,251],"class_list":["post-5685","post","type-post","status-publish","format-standard","hentry","category-economia","tag-fundacao-ceee-de-seguridade-social","tag-intervencao","tag-previc"],"_links":{"self":[{"href":"https:\/\/blogs.correiobraziliense.com.br\/vicente\/wp-json\/wp\/v2\/posts\/5685","targetHints":{"allow":["GET"]}}],"collection":[{"href":"https:\/\/blogs.correiobraziliense.com.br\/vicente\/wp-json\/wp\/v2\/posts"}],"about":[{"href":"https:\/\/blogs.correiobraziliense.com.br\/vicente\/wp-json\/wp\/v2\/types\/post"}],"author":[{"embeddable":true,"href":"https:\/\/blogs.correiobraziliense.com.br\/vicente\/wp-json\/wp\/v2\/users\/22"}],"replies":[{"embeddable":true,"href":"https:\/\/blogs.correiobraziliense.com.br\/vicente\/wp-json\/wp\/v2\/comments?post=5685"}],"version-history":[{"count":4,"href":"https:\/\/blogs.correiobraziliense.com.br\/vicente\/wp-json\/wp\/v2\/posts\/5685\/revisions"}],"predecessor-version":[{"id":5689,"href":"https:\/\/blogs.correiobraziliense.com.br\/vicente\/wp-json\/wp\/v2\/posts\/5685\/revisions\/5689"}],"wp:attachment":[{"href":"https:\/\/blogs.correiobraziliense.com.br\/vicente\/wp-json\/wp\/v2\/media?parent=5685"}],"wp:term":[{"taxonomy":"category","embeddable":true,"href":"https:\/\/blogs.correiobraziliense.com.br\/vicente\/wp-json\/wp\/v2\/categories?post=5685"},{"taxonomy":"post_tag","embeddable":true,"href":"https:\/\/blogs.correiobraziliense.com.br\/vicente\/wp-json\/wp\/v2\/tags?post=5685"}],"curies":[{"name":"wp","href":"https:\/\/api.w.org\/{rel}","templated":true}]}}