{"id":5677,"date":"2017-08-15T11:34:43","date_gmt":"2017-08-15T14:34:43","guid":{"rendered":"https:\/\/blogs.correiobraziliense.com.br\/vicente\/?p=5677"},"modified":"2017-08-15T11:46:05","modified_gmt":"2017-08-15T14:46:05","slug":"bancos-podem-pagar-ate-r-12-bi-poupadores-por-perdas-com-planos","status":"publish","type":"post","link":"https:\/\/blogs.correiobraziliense.com.br\/vicente\/bancos-podem-pagar-ate-r-12-bi-poupadores-por-perdas-com-planos\/","title":{"rendered":"Bancos podem pagar at\u00e9 R$ 12 bi a poupadores por perdas com planos"},"content":{"rendered":"<p>\u00bb O governo quer resolver, o mais rapidamente poss\u00edvel, um imbr\u00f3glio que se arrasta h\u00e1 d\u00e9cadas: as perdas provocadas pelos planos econ\u00f4micos na caderneta de poupan\u00e7a. Pelo acordo que vem sendo costurado, os poupadores receberiam entre R$ 11 bilh\u00f5es e R$ 12 bilh\u00f5es, dinheiro que seria injetado na economia.<\/p>\n<p>&nbsp;<\/p>\n<p><strong>Passo adiante<\/strong><\/p>\n<p>&nbsp;<\/p>\n<p>\u00bb Envolvidos nas negocia\u00e7\u00f5es, representantes da Advocacia-Geral da Uni\u00e3o (AGU), do Banco Central, do Instituto de Defesa do Consumidor (Idec), da Frente Brasileira dos Poupadores (Febrapo) e da Federa\u00e7\u00e3o Brasileira dos Bancos (Febraban) se reuniram na segunda-feira, 14, pela primeira vez em conjunto, para discutir o tema.<\/p>\n<p>&nbsp;<\/p>\n<p><strong>Resist\u00eancia perto do fim<\/strong><\/p>\n<p>&nbsp;<\/p>\n<p>\u00bb Os bancos p\u00fablicos, mais precisamente a Caixa Econ\u00f4mica Federal e o Banco do Brasil, j\u00e1 deram sinal verde para o fechamento do acordo. Como ser\u00e3o os respons\u00e1veis pelas maiores indeniza\u00e7\u00f5es, abriram uma avenida para a corre\u00e7\u00e3o dos dep\u00f3sitos. A resist\u00eancia continua nas institui\u00e7\u00f5es privadas. Outra reuni\u00e3o est\u00e1 marcada para sexta-feira, 18.<\/p>\n<p>&nbsp;<\/p>\n<p>\u00bb A decis\u00e3o est\u00e1 nas m\u00e3os do Supremo Tribunal Federal (STF), que tende a dar parecer favor\u00e1vel aos poupadores, apesar do lobby fort\u00edssimo que, ao longo dos \u00faltimos anos, foi feito pelo sistema financeiro, que chegou a dizer que quebraria se as perdas aos poupadores fossem repostas.<\/p>\n<p>&nbsp;<\/p>\n<p>Os preju\u00edzos aos detentores de caderneta de poupan\u00e7a foram causados pelos constantes e fracassados planos econ\u00f4micos editados nos anos de 1980 e 1990. O governo surrupiava uma parte dos rendimentos, alegando que os ganhos maiores tinham por objetivo ajudar no controle da infla\u00e7\u00e3o.<\/p>\n<p>&nbsp;<\/p>\n","protected":false},"excerpt":{"rendered":"<p>\u00bb O governo quer resolver, o mais rapidamente poss\u00edvel, um imbr\u00f3glio que se arrasta h\u00e1 d\u00e9cadas: as perdas provocadas pelos planos econ\u00f4micos na caderneta de poupan\u00e7a. Pelo acordo que vem sendo costurado, os poupadores receberiam entre R$ 11 bilh\u00f5es e R$ 12 bilh\u00f5es, dinheiro que seria injetado na economia. &nbsp; Passo adiante &nbsp; \u00bb Envolvidos [&hellip;]<\/p>\n","protected":false},"author":22,"featured_media":0,"comment_status":"open","ping_status":"closed","sticky":false,"template":"","format":"standard","meta":{"footnotes":""},"categories":[600],"tags":[822,2558,2463,2559,436],"class_list":["post-5677","post","type-post","status-publish","format-standard","hentry","category-economia","tag-bancos","tag-caderneta","tag-perdas","tag-planos-economicos","tag-poupanca"],"_links":{"self":[{"href":"https:\/\/blogs.correiobraziliense.com.br\/vicente\/wp-json\/wp\/v2\/posts\/5677","targetHints":{"allow":["GET"]}}],"collection":[{"href":"https:\/\/blogs.correiobraziliense.com.br\/vicente\/wp-json\/wp\/v2\/posts"}],"about":[{"href":"https:\/\/blogs.correiobraziliense.com.br\/vicente\/wp-json\/wp\/v2\/types\/post"}],"author":[{"embeddable":true,"href":"https:\/\/blogs.correiobraziliense.com.br\/vicente\/wp-json\/wp\/v2\/users\/22"}],"replies":[{"embeddable":true,"href":"https:\/\/blogs.correiobraziliense.com.br\/vicente\/wp-json\/wp\/v2\/comments?post=5677"}],"version-history":[{"count":5,"href":"https:\/\/blogs.correiobraziliense.com.br\/vicente\/wp-json\/wp\/v2\/posts\/5677\/revisions"}],"predecessor-version":[{"id":5682,"href":"https:\/\/blogs.correiobraziliense.com.br\/vicente\/wp-json\/wp\/v2\/posts\/5677\/revisions\/5682"}],"wp:attachment":[{"href":"https:\/\/blogs.correiobraziliense.com.br\/vicente\/wp-json\/wp\/v2\/media?parent=5677"}],"wp:term":[{"taxonomy":"category","embeddable":true,"href":"https:\/\/blogs.correiobraziliense.com.br\/vicente\/wp-json\/wp\/v2\/categories?post=5677"},{"taxonomy":"post_tag","embeddable":true,"href":"https:\/\/blogs.correiobraziliense.com.br\/vicente\/wp-json\/wp\/v2\/tags?post=5677"}],"curies":[{"name":"wp","href":"https:\/\/api.w.org\/{rel}","templated":true}]}}