{"id":5671,"date":"2017-08-14T18:05:00","date_gmt":"2017-08-14T21:05:00","guid":{"rendered":"https:\/\/blogs.correiobraziliense.com.br\/vicente\/?p=5671"},"modified":"2017-08-14T20:45:40","modified_gmt":"2017-08-14T23:45:40","slug":"temer-e-o-grande-culpado-pelo-adiamento-da-mudanca-da-meta-fiscal","status":"publish","type":"post","link":"https:\/\/blogs.correiobraziliense.com.br\/vicente\/temer-e-o-grande-culpado-pelo-adiamento-da-mudanca-da-meta-fiscal\/","title":{"rendered":"Temer \u00e9 o grande culpado pelo adiamento da mudan\u00e7a da meta fiscal"},"content":{"rendered":"<h2>T\u00e9cnicos da equipe econ\u00f4mica est\u00e3o indignados com o presidente Michel Temer. Todo o desgaste para se definir as novas metas fiscais de 2017 e de 2018 decorre da politiza\u00e7\u00e3o do assunto. At\u00e9 a \u00faltima quinta-feira, 10, quando o tema estava restrito \u00e0 \u00e1rea econ\u00f4mica, j\u00e1 havia o consenso de que o deficit deste ano passaria de R$ 139 bilh\u00f5es bilh\u00f5es para R$ 159 bilh\u00f5es e o de 2018, de R$ 129 bilh\u00f5es para R$ 159 bilh\u00f5es. O an\u00fancio, inclusive, seria feito no dia seguinte, para encerrar a fatura e tirar o debate sobre as metas do notici\u00e1rio.<\/h2>\n<p>&nbsp;<\/p>\n<p>O problema foi que Temer decidiu incorporar pol\u00edticos no debate, sobretudo do Centr\u00e3o, um partido totalmente fisiol\u00f3gico. A partir da\u00ed, o que era um assunto extremamente t\u00e9cnico virou pol\u00edtico. E, sem a menor no\u00e7\u00e3o sobre a realidade do pa\u00eds e de olho em mais verbas, os chamados aliados passaram a propor um rombo maior, de at\u00e9 R$ 170 bilh\u00f5es. Virou bagun\u00e7a.<\/p>\n<p>&nbsp;<\/p>\n<p>J\u00e1 na primeira reuni\u00e3o que participaram, os presidentes da C\u00e2mara, Rodrigo Maia, e do Senado, Eun\u00edcio Oliveira, passaram a dizer que o Congresso n\u00e3o aprovaria aumento de impostos, que era melhor o governo definir metas mais realistas para acomodar a frustra\u00e7\u00e3o de receitas. Com a equipe econ\u00f4mica recolhida, os pol\u00edticos, incluindo o deputado Aguinaldo Ribeiro (PP), l\u00edder do governo na C\u00e2mara, e o presidente do PMDB, senador Romero Juc\u00e1, passaram a dar o tom do debate.<\/p>\n<p>&nbsp;<\/p>\n<p>Temer praticamente entregou os pontos. Temeroso em rela\u00e7\u00e3o \u00e0 pr\u00f3xima den\u00fancia contra ele que vir\u00e1 da Procuradoria-Geral da Rep\u00fablica, aceitou, antecipadamente, a fatura preparada, principalmente pelo Centr\u00e3o, a fim de garantir o mandato. Quanto maior for o deficit fiscal, mais f\u00e1cil ficar\u00e1 para acomodar as demandas da base aliada, que est\u00e1 cada vez menor e mais cara. Somente em emendas parlamentares, a garantia do mandato de Temer custou mais de R$ 6 bilh\u00f5es.<\/p>\n<p>&nbsp;<\/p>\n<p>Como diz um indignado t\u00e9cnico da equipe econ\u00f4mica, &#8220;esse \u00e9 o custo Temer&#8221;. Ele ressalta que tudo estava certo para a mudan\u00e7a das metas fiscais e a divulga\u00e7\u00e3o de medidas para reduzir os gastos com servidores p\u00fablicos. Assim como o an\u00fancio n\u00e3o foi feito na sexta-feira passada, 12, nem nesta segunda, 14, pode n\u00e3o sair na ter\u00e7a (15). N\u00e3o se Temer ficar pendurado demais nos pol\u00edticos que n\u00e3o t\u00eam o menor compromisso com o pa\u00eds.<\/p>\n","protected":false},"excerpt":{"rendered":"<p>T\u00e9cnicos da equipe econ\u00f4mica est\u00e3o indignados com o presidente Michel Temer. Todo o desgaste para se definir as novas metas fiscais de 2017 e de 2018 decorre da politiza\u00e7\u00e3o do assunto. At\u00e9 a \u00faltima quinta-feira, 10, quando o tema estava restrito \u00e0 \u00e1rea econ\u00f4mica, j\u00e1 havia o consenso de que o deficit deste ano passaria [&hellip;]<\/p>\n","protected":false},"author":22,"featured_media":0,"comment_status":"open","ping_status":"closed","sticky":false,"template":"","format":"standard","meta":{"footnotes":""},"categories":[600],"tags":[2433,2557,518,2405,2488,1238,125],"class_list":["post-5671","post","type-post","status-publish","format-standard","hentry","category-economia","tag-fiscal","tag-fisiologismo","tag-meta","tag-michel","tag-mudanca","tag-politicos","tag-temer"],"_links":{"self":[{"href":"https:\/\/blogs.correiobraziliense.com.br\/vicente\/wp-json\/wp\/v2\/posts\/5671","targetHints":{"allow":["GET"]}}],"collection":[{"href":"https:\/\/blogs.correiobraziliense.com.br\/vicente\/wp-json\/wp\/v2\/posts"}],"about":[{"href":"https:\/\/blogs.correiobraziliense.com.br\/vicente\/wp-json\/wp\/v2\/types\/post"}],"author":[{"embeddable":true,"href":"https:\/\/blogs.correiobraziliense.com.br\/vicente\/wp-json\/wp\/v2\/users\/22"}],"replies":[{"embeddable":true,"href":"https:\/\/blogs.correiobraziliense.com.br\/vicente\/wp-json\/wp\/v2\/comments?post=5671"}],"version-history":[{"count":2,"href":"https:\/\/blogs.correiobraziliense.com.br\/vicente\/wp-json\/wp\/v2\/posts\/5671\/revisions"}],"predecessor-version":[{"id":5673,"href":"https:\/\/blogs.correiobraziliense.com.br\/vicente\/wp-json\/wp\/v2\/posts\/5671\/revisions\/5673"}],"wp:attachment":[{"href":"https:\/\/blogs.correiobraziliense.com.br\/vicente\/wp-json\/wp\/v2\/media?parent=5671"}],"wp:term":[{"taxonomy":"category","embeddable":true,"href":"https:\/\/blogs.correiobraziliense.com.br\/vicente\/wp-json\/wp\/v2\/categories?post=5671"},{"taxonomy":"post_tag","embeddable":true,"href":"https:\/\/blogs.correiobraziliense.com.br\/vicente\/wp-json\/wp\/v2\/tags?post=5671"}],"curies":[{"name":"wp","href":"https:\/\/api.w.org\/{rel}","templated":true}]}}