{"id":5669,"date":"2017-08-14T08:08:43","date_gmt":"2017-08-14T11:08:43","guid":{"rendered":"https:\/\/blogs.correiobraziliense.com.br\/vicente\/?p=5669"},"modified":"2017-08-14T16:16:19","modified_gmt":"2017-08-14T19:16:19","slug":"coluna-no-correio-quando-os-inimigos-pisam-em-ovos","status":"publish","type":"post","link":"https:\/\/blogs.correiobraziliense.com.br\/vicente\/coluna-no-correio-quando-os-inimigos-pisam-em-ovos\/","title":{"rendered":"Coluna no Correio: Quando os inimigos pisam em ovos"},"content":{"rendered":"<h2>LEONARDO CAVALCANTI<\/h2>\n<h2><\/h2>\n<h2>H\u00e1 pelo menos um ponto em comum entre o prefeito de S\u00e3o Paulo, Jo\u00e3o Doria (PSDB), e o deputado federal Jair Bolsonaro (PSC): a dificuldade com que os advers\u00e1rios de um e de outro t\u00eam de criar estrat\u00e9gias de ataque. A a\u00e7\u00e3o efetiva dos dois pol\u00edticos nas redes sociais e na m\u00eddia tradicional parece atrapalhar os opositores. N\u00e3o \u00e9 l\u00e1 muito f\u00e1cil, diga-se. No caso de Bolsonaro, a esquerda \u2014 e at\u00e9 mesmo parte dos rep\u00f3rteres \u2014 achou, ao longo do tempo, que a melhor estrat\u00e9gia era ignor\u00e1-lo. A op\u00e7\u00e3o, que at\u00e9 fazia algum sentido, seria evitar repercutir as imbecilidades ditas pelo deputado reacion\u00e1rio. O sil\u00eancio parecia ser a estrat\u00e9gia mais sensata. Nada mais falso.<\/h2>\n<p>&nbsp;<\/p>\n<p>N\u00e3o foram raras as vezes que debates se instalaram nas reda\u00e7\u00f5es quando algu\u00e9m tinha a ideia de entrevistar Bolsonaro. O contraponto \u00e0 sugest\u00e3o era este: n\u00e3o se pode bater palma para doido dan\u00e7ar ou, pior, dar espa\u00e7o a um camarada desse \u00e9 irresponsabilidade. Na pr\u00e1tica, falar sobre Bolsonaro virou tabu, o nome a nunca ser pronunciado. N\u00e3o funcionou. Bolsonaro se transformou em Bolsonaro independentemente da a\u00e7\u00e3o dos advers\u00e1rios. Subiu nas pesquisas ignorando o fato de a esquerda o ignorar. O jogo f\u00e1cil de radicalismo, militarismo e preconceito parece ter ultrapassado o simples folclore por parte do eleitor. Sem alternativas, os advers\u00e1rios do parlamentar agora perceberam que a \u00fanica forma de enfraquec\u00ea-lo \u00e9 expondo a estupidez das ideias do deputado.<\/p>\n<p>&nbsp;<br \/>\n<strong>Percep\u00e7\u00e3o<\/strong><\/p>\n<p>&nbsp;<\/p>\n<p>N\u00e3o \u00e9 exagero afirmar que o mesmo ocorre com Doria \u2014 e aqui n\u00e3o estamos a comparar propostas ou ideias do prefeito com as de Bolsonaro, apenas a dificuldade de percep\u00e7\u00e3o dos advers\u00e1rios. Sem saber como atacar, petistas e at\u00e9 mesmo tucanos mais tradicionais n\u00e3o conseguem minar a evolu\u00e7\u00e3o de Doria nas pesquisas. Vide por exemplo a campanha dele para prefeito de S\u00e3o Paulo h\u00e1 um ano. Por mais que o desgaste do PT fosse evidente, \u00e9 razo\u00e1vel questionar uma das estrat\u00e9gias eleitorais de Fernando Haddad ao se colocar como o \u201cprefeito tranquil\u00e3o\u201d. \u00c9 bom lembrar que a elei\u00e7\u00e3o era para a cidade de S\u00e3o Paulo, onde um candidato pode ser tudo, doutor, menos tranquil\u00e3o.<\/p>\n<p>&nbsp;<\/p>\n<p>Ao mesmo tempo, Doria se apresentava como o homem capaz de fazer S\u00e3o Paulo acelerar \u2014 e todas as invencionices de um marketing mais eficiente. Nada mais rasteiro do que avaliar erros e acertos depois da elei\u00e7\u00e3o terminada, mas h\u00e1 poucas d\u00favidas sobre a efici\u00eancia da campanha de Doria se comparada \u00e0 de Haddad. O epis\u00f3dio da chuva de ovos \u2014 tirando o fato inconteste de que o baiano \u00e9 um tipo bom de mira \u2014 \u00e9 o mais recente exemplo de que os partidos de esquerda n\u00e3o conseguem lidar com o Doria. Enquanto os advers\u00e1rios abriram uma discuss\u00e3o infind\u00e1vel sobre a efici\u00eancia da ovada, Doria gravou v\u00eddeos e fez piadas sobre o epis\u00f3dio. E, assim, vai abrindo pontos. Se come\u00e7ar a perder uma hora, \u00e9 poss\u00edvel apostar que ser\u00e1 pelos pr\u00f3prios erros, e n\u00e3o pela estrat\u00e9gia inimiga.<\/p>\n","protected":false},"excerpt":{"rendered":"<p>LEONARDO CAVALCANTI H\u00e1 pelo menos um ponto em comum entre o prefeito de S\u00e3o Paulo, Jo\u00e3o Doria (PSDB), e o deputado federal Jair Bolsonaro (PSC): a dificuldade com que os advers\u00e1rios de um e de outro t\u00eam de criar estrat\u00e9gias de ataque. A a\u00e7\u00e3o efetiva dos dois pol\u00edticos nas redes sociais e na m\u00eddia tradicional [&hellip;]<\/p>\n","protected":false},"author":22,"featured_media":0,"comment_status":"open","ping_status":"closed","sticky":false,"template":"","format":"standard","meta":{"footnotes":""},"categories":[600],"tags":[2554,2552,665,457,2555,2556,2553,2551,230],"class_list":["post-5669","post","type-post","status-publish","format-standard","hentry","category-economia","tag-bolsonaro","tag-doria","tag-eleicoes","tag-erros","tag-estrategias","tag-inimigos","tag-jair","tag-joao","tag-petistas"],"_links":{"self":[{"href":"https:\/\/blogs.correiobraziliense.com.br\/vicente\/wp-json\/wp\/v2\/posts\/5669","targetHints":{"allow":["GET"]}}],"collection":[{"href":"https:\/\/blogs.correiobraziliense.com.br\/vicente\/wp-json\/wp\/v2\/posts"}],"about":[{"href":"https:\/\/blogs.correiobraziliense.com.br\/vicente\/wp-json\/wp\/v2\/types\/post"}],"author":[{"embeddable":true,"href":"https:\/\/blogs.correiobraziliense.com.br\/vicente\/wp-json\/wp\/v2\/users\/22"}],"replies":[{"embeddable":true,"href":"https:\/\/blogs.correiobraziliense.com.br\/vicente\/wp-json\/wp\/v2\/comments?post=5669"}],"version-history":[{"count":1,"href":"https:\/\/blogs.correiobraziliense.com.br\/vicente\/wp-json\/wp\/v2\/posts\/5669\/revisions"}],"predecessor-version":[{"id":5670,"href":"https:\/\/blogs.correiobraziliense.com.br\/vicente\/wp-json\/wp\/v2\/posts\/5669\/revisions\/5670"}],"wp:attachment":[{"href":"https:\/\/blogs.correiobraziliense.com.br\/vicente\/wp-json\/wp\/v2\/media?parent=5669"}],"wp:term":[{"taxonomy":"category","embeddable":true,"href":"https:\/\/blogs.correiobraziliense.com.br\/vicente\/wp-json\/wp\/v2\/categories?post=5669"},{"taxonomy":"post_tag","embeddable":true,"href":"https:\/\/blogs.correiobraziliense.com.br\/vicente\/wp-json\/wp\/v2\/tags?post=5669"}],"curies":[{"name":"wp","href":"https:\/\/api.w.org\/{rel}","templated":true}]}}