{"id":5652,"date":"2017-08-11T17:05:05","date_gmt":"2017-08-11T20:05:05","guid":{"rendered":"https:\/\/blogs.correiobraziliense.com.br\/vicente\/?p=5652"},"modified":"2017-08-11T20:57:27","modified_gmt":"2017-08-11T23:57:27","slug":"veja-os-servidores-que-terao-o-reajuste-adiado-de-2018-para-2019","status":"publish","type":"post","link":"https:\/\/blogs.correiobraziliense.com.br\/vicente\/veja-os-servidores-que-terao-o-reajuste-adiado-de-2018-para-2019\/","title":{"rendered":"Veja os servidores que ter\u00e3o o reajuste adiado de 2018 para 2019"},"content":{"rendered":"<h2>O governo j\u00e1 bateu o martelo e definiu as carreiras do servi\u00e7o p\u00fablico que ter\u00e3o os aumentos de sal\u00e1rio adiados de 2018 para 2019. Est\u00e3o na lista os militares, os policiais federais, os policiais rodovi\u00e1rios federais, os diplomatas, os integrantes das carreiras jur\u00eddicas, como os advogados da AGU, os auditores federais, os gestores da Uni\u00e3o e os funcion\u00e1rios do Banco Central e da Comiss\u00e3o de Valores Mobili\u00e1rios (CVM). No caso dos\u00a0policiais civis e militares do Distrito Federal (que s\u00e3o pagos pela Uni\u00e3o), que n\u00e3o tiveram aumento, ficar\u00e3o sem reajuste.<\/h2>\n<p>&nbsp;<\/p>\n<p>O adiamento dos reajustes de sal\u00e1rios pegar\u00e1 todas as carreiras da elite do funcionalismo. A perspectiva do governo \u00e9 de economizar, com a medida, cerca de R$ 10 bilh\u00f5es em 2018. N\u00e3o entram na lista os servidores que integram o carreir\u00e3o, que fecharam acordo para corre\u00e7\u00e3o dos contracheques por apenas dois anos, 2016 e 2017. Nesse per\u00edodo, o aumento foi de 10,8% e a \u00faltima parcela, paga em janeiro deste ano.<\/p>\n<p>&nbsp;<\/p>\n<p>No total, devem ser atingidos pelo adiamento dos reajustes 253 mil servidores ativos e inativos, al\u00e9m dos militares. Est\u00e3o na lista: m\u00e9dicos peritos do INSS, auditores-fiscais e analistas tribut\u00e1rios da Receita Federal, auditores-fiscais do Trabalho, analistas e especialistas em Infraestrutura, analistas-t\u00e9cnicos de Pol\u00edticas Sociais, peritos federais agr\u00e1rios, funcion\u00e1rios do Dnit,\u00a0Pol\u00edcia Federal, Pol\u00edcia Rodovi\u00e1ria Federal, carreira jur\u00eddica, carreira de finan\u00e7as e controle,\u00a0CVM, Susep, analistas e t\u00e9cnicos do Banco Central, carreira do ciclo de gest\u00e3o, carreira de diplomacia, Pol\u00edcia Civil dos Ex-Territ\u00f3rios e Suframa.<\/p>\n<p>&nbsp;<\/p>\n<p>Esse conjunto de servidores foi beneficiado pelas Leis n\u00ba 13.327\/16, 13.371\/16 e 13.464\/17 e fizeram acordos de reajustes escalonados em percentuais diferenciados, nos anos de 2016, 2017, 2018 e 2019. Restam os \u00edndices abaixo: janeiro 2018, de 4,75 e 6,65%; janeiro de 2019: 4,5% e 6,31%.<\/p>\n<p>&nbsp;<\/p>\n<p>O restante dos servidores do Poder Executivo Civil (cerca de 1 milh\u00e3o de ativos e inativos) teve reajustes negociados para dois anos, por\u00e9m com algum rebatimento em 2018 e 2019. \u00c9 o caso dos docentes, com uma reestrutura\u00e7\u00e3o de carreira que ir\u00e1 at\u00e9 2019 (Lei n\u00ba 13.325\/2016).<\/p>\n<p>&nbsp;<\/p>\n<p><strong>Projeto de lei<\/strong><\/p>\n<p>&nbsp;<\/p>\n<p>O adiamento dos reajustes deve ser proposto por meio de projeto de lei, at\u00e9 porque os aumentos foram aprovados pelo Congresso. Um t\u00e9cnico do governo diz que o congelamento dos sal\u00e1rios pode ser feito por medida provis\u00f3ria, mas o Pal\u00e1cio do Planalto acredita que o tema deve ter o aval do Legislativo. A pol\u00eamica \u00e9 grande e os servidores j\u00e1 se preparam para invadir a Esplanada dos Minist\u00e9rios com manifesta\u00e7\u00f5es e poss\u00edvel greve.<\/p>\n<p>&nbsp;<\/p>\n<p>T\u00e9cnicos da equipe econ\u00f4mica dizem que o adiamento dos aumentos de sal\u00e1rios \u00e9 vital para que o deficit nas contas de 2018 n\u00e3o seja ainda maior do que o que est\u00e1 sendo proposto. A meta atual \u00e9 de rombo de R$ 129 bilh\u00f5es no pr\u00f3ximo ano. Est\u00e1 praticamente certo que o buraco ser\u00e1 de R$ 159 bilh\u00f5es. Mas poderia chegar a R$ 169 bilh\u00f5es se os R$ 10 bilh\u00f5es n\u00e3o fossem economizados.<\/p>\n<p>&nbsp;<\/p>\n<p>&#8220;A situa\u00e7\u00e3o das contas p\u00fablicas \u00e9 dram\u00e1tica, n\u00e3o h\u00e1 alternativa. Todos t\u00eam que dar sua cota de sacrif\u00edcio&#8221;, diz um t\u00e9cnico. Ele ressalta que, neste ano, o rombo passar\u00e1 de R$ 139 bilh\u00f5es para R$ 159 bilh\u00f5es.<\/p>\n<p>&nbsp;<\/p>\n","protected":false},"excerpt":{"rendered":"<p>O governo j\u00e1 bateu o martelo e definiu as carreiras do servi\u00e7o p\u00fablico que ter\u00e3o os aumentos de sal\u00e1rio adiados de 2018 para 2019. Est\u00e3o na lista os militares, os policiais federais, os policiais rodovi\u00e1rios federais, os diplomatas, os integrantes das carreiras jur\u00eddicas, como os advogados da AGU, os auditores federais, os gestores da Uni\u00e3o [&hellip;]<\/p>\n","protected":false},"author":22,"featured_media":0,"comment_status":"open","ping_status":"closed","sticky":false,"template":"","format":"standard","meta":{"footnotes":""},"categories":[600],"tags":[1077,546,769,2544,122,123],"class_list":["post-5652","post","type-post","status-publish","format-standard","hentry","category-economia","tag-adiamento","tag-funcionalismo","tag-militares","tag-policia-civil","tag-salarios","tag-servidores"],"_links":{"self":[{"href":"https:\/\/blogs.correiobraziliense.com.br\/vicente\/wp-json\/wp\/v2\/posts\/5652","targetHints":{"allow":["GET"]}}],"collection":[{"href":"https:\/\/blogs.correiobraziliense.com.br\/vicente\/wp-json\/wp\/v2\/posts"}],"about":[{"href":"https:\/\/blogs.correiobraziliense.com.br\/vicente\/wp-json\/wp\/v2\/types\/post"}],"author":[{"embeddable":true,"href":"https:\/\/blogs.correiobraziliense.com.br\/vicente\/wp-json\/wp\/v2\/users\/22"}],"replies":[{"embeddable":true,"href":"https:\/\/blogs.correiobraziliense.com.br\/vicente\/wp-json\/wp\/v2\/comments?post=5652"}],"version-history":[{"count":10,"href":"https:\/\/blogs.correiobraziliense.com.br\/vicente\/wp-json\/wp\/v2\/posts\/5652\/revisions"}],"predecessor-version":[{"id":5662,"href":"https:\/\/blogs.correiobraziliense.com.br\/vicente\/wp-json\/wp\/v2\/posts\/5652\/revisions\/5662"}],"wp:attachment":[{"href":"https:\/\/blogs.correiobraziliense.com.br\/vicente\/wp-json\/wp\/v2\/media?parent=5652"}],"wp:term":[{"taxonomy":"category","embeddable":true,"href":"https:\/\/blogs.correiobraziliense.com.br\/vicente\/wp-json\/wp\/v2\/categories?post=5652"},{"taxonomy":"post_tag","embeddable":true,"href":"https:\/\/blogs.correiobraziliense.com.br\/vicente\/wp-json\/wp\/v2\/tags?post=5652"}],"curies":[{"name":"wp","href":"https:\/\/api.w.org\/{rel}","templated":true}]}}