{"id":5647,"date":"2017-08-11T12:50:48","date_gmt":"2017-08-11T15:50:48","guid":{"rendered":"https:\/\/blogs.correiobraziliense.com.br\/vicente\/?p=5647"},"modified":"2017-08-11T16:12:25","modified_gmt":"2017-08-11T19:12:25","slug":"temer-se-antecipa-ao-bc-e-diz-que-juros-cairao-7-ou-75-no-fim-do-ano","status":"publish","type":"post","link":"https:\/\/blogs.correiobraziliense.com.br\/vicente\/temer-se-antecipa-ao-bc-e-diz-que-juros-cairao-7-ou-75-no-fim-do-ano\/","title":{"rendered":"Temer se antecipa ao BC e diz que juros cair\u00e3o &#8220;a 7% ou a 7,5%&#8221; no fim do ano"},"content":{"rendered":"<h2>O presidente Michel Temer se antecipou ao Comit\u00ea de Pol\u00edtica Monet\u00e1ria (Copom) do Banco Central e j\u00e1 indicou para onde vai a taxa b\u00e1sica de juros (Selic). Em discurso a ruralistas na cidade de Lucas do Rio Verde, no Mato Grosso, indicou que a Selic cair\u00e1, at\u00e9 o fim deste ano, dos atuais 9,25% ao ano para algo entre 7% e 7,5%.<\/h2>\n<h2><\/h2>\n<p>N\u00e3o \u00e9 comum um presidente da Rep\u00fablica fixar um n\u00edvel determinado para a taxa b\u00e1sica definida a cada 45 dias, em m\u00e9dia, pelo BC. Ao falar em n\u00fameros, Temer d\u00e1 a entender que j\u00e1 acertou tudo com o presidente da autoridade monet\u00e1ria, Ilan Goldfajn, e os demais diretores da institui\u00e7\u00e3o.<\/p>\n<p>&nbsp;<\/p>\n<p>N\u00e3o custa lembrar que, no fat\u00eddico encontro entre Temer e o empres\u00e1rio Joesley Bastista, no Pal\u00e1cio do Jaburu, em 7 de mar\u00e7o, o presidente afirmou que o BC cortaria os juros na pr\u00f3xima reuni\u00e3o do Copom em um ponto percentual, o que acabou se confirmando.<\/p>\n<p>&nbsp;<\/p>\n<p>E mais: foi a forte interven\u00e7\u00e3o de Dilma Rousseff, quando presidente da Rep\u00fablica, no Banco Central, que resultou em uma grande onda de desconfian\u00e7a e no aumento da infla\u00e7\u00e3o. Dilma obrigou o BC, ent\u00e3o comandando por Alexandre Tombini, a reduzir os juros para o n\u00edvel mais baixo da hist\u00f3ria, 7,25%. A fa\u00e7anha, por\u00e9m, durou apenas seis meses, pois o custo de vida disparou.<\/p>\n<p>&nbsp;<\/p>\n<p>O Banco Central sempre faz quest\u00e3o de ressaltar sua independ\u00eancia para conduzir os rumos dos juros. \u00c9 isso que d\u00e1 base \u00e0 credibilidade da institui\u00e7\u00e3o, que ficou muito arranhada durante o governo Dilma. Portanto, soa, no m\u00ednimo, estranho, que Temer j\u00e1 saiba para que n\u00edvel a Selic vai cair.<\/p>\n<p>&nbsp;<\/p>\n<p>Ao longo do governo Temer, a taxa b\u00e1sica j\u00e1 baixou cinco pontos percentuais, de 14,25%, em outubro do ano passado, para 9,25%, atualmente. No mercado financeiro, a perspectiva \u00e9 de que os juros cedam um patamar entre 7% e 8%, devido ao forte recuo da infla\u00e7\u00e3o, que, nos 12 meses terminados em julho, ficou em 2,71%, o n\u00edvel mais baixo desde 1999.<\/p>\n","protected":false},"excerpt":{"rendered":"<p>O presidente Michel Temer se antecipou ao Comit\u00ea de Pol\u00edtica Monet\u00e1ria (Copom) do Banco Central e j\u00e1 indicou para onde vai a taxa b\u00e1sica de juros (Selic). Em discurso a ruralistas na cidade de Lucas do Rio Verde, no Mato Grosso, indicou que a Selic cair\u00e1, at\u00e9 o fim deste ano, dos atuais 9,25% ao [&hellip;]<\/p>\n","protected":false},"author":22,"featured_media":0,"comment_status":"open","ping_status":"closed","sticky":false,"template":"","format":"standard","meta":{"footnotes":""},"categories":[600],"tags":[],"class_list":["post-5647","post","type-post","status-publish","format-standard","hentry","category-economia"],"_links":{"self":[{"href":"https:\/\/blogs.correiobraziliense.com.br\/vicente\/wp-json\/wp\/v2\/posts\/5647","targetHints":{"allow":["GET"]}}],"collection":[{"href":"https:\/\/blogs.correiobraziliense.com.br\/vicente\/wp-json\/wp\/v2\/posts"}],"about":[{"href":"https:\/\/blogs.correiobraziliense.com.br\/vicente\/wp-json\/wp\/v2\/types\/post"}],"author":[{"embeddable":true,"href":"https:\/\/blogs.correiobraziliense.com.br\/vicente\/wp-json\/wp\/v2\/users\/22"}],"replies":[{"embeddable":true,"href":"https:\/\/blogs.correiobraziliense.com.br\/vicente\/wp-json\/wp\/v2\/comments?post=5647"}],"version-history":[{"count":4,"href":"https:\/\/blogs.correiobraziliense.com.br\/vicente\/wp-json\/wp\/v2\/posts\/5647\/revisions"}],"predecessor-version":[{"id":5651,"href":"https:\/\/blogs.correiobraziliense.com.br\/vicente\/wp-json\/wp\/v2\/posts\/5647\/revisions\/5651"}],"wp:attachment":[{"href":"https:\/\/blogs.correiobraziliense.com.br\/vicente\/wp-json\/wp\/v2\/media?parent=5647"}],"wp:term":[{"taxonomy":"category","embeddable":true,"href":"https:\/\/blogs.correiobraziliense.com.br\/vicente\/wp-json\/wp\/v2\/categories?post=5647"},{"taxonomy":"post_tag","embeddable":true,"href":"https:\/\/blogs.correiobraziliense.com.br\/vicente\/wp-json\/wp\/v2\/tags?post=5647"}],"curies":[{"name":"wp","href":"https:\/\/api.w.org\/{rel}","templated":true}]}}