{"id":5640,"date":"2017-08-10T19:15:51","date_gmt":"2017-08-10T22:15:51","guid":{"rendered":"https:\/\/blogs.correiobraziliense.com.br\/vicente\/?p=5640"},"modified":"2017-08-10T20:37:09","modified_gmt":"2017-08-10T23:37:09","slug":"um-dos-neonazistas-que-atacaram-artistas-de-circo-foi-preso","status":"publish","type":"post","link":"https:\/\/blogs.correiobraziliense.com.br\/vicente\/um-dos-neonazistas-que-atacaram-artistas-de-circo-foi-preso\/","title":{"rendered":"Um dos neonazistas que atacaram artistas de circo foi preso"},"content":{"rendered":"<h2>A Pol\u00edcia de Berlim, na Alemanha, prendeu um dos neonazistas que atacaram um grupo de artistas de circo que havia se apresentado naquela cidade. Segundo o ministro Roberto Avelar, da embaixada do Brasil na capital alem\u00e3, a pol\u00edcia est\u00e1 tomando todas as provid\u00eancias para punir os respons\u00e1veis pelo crime de \u00f3dio.<\/h2>\n<p>&nbsp;<\/p>\n<p>Avelar conta que um dos artistas, Rafael Gon\u00e7alves, que tem resid\u00eancia fixa em Cabo Verde, est\u00e1 internado em um hospital de Berlim. Mas n\u00e3o h\u00e1 detalhes sobre o estado de sa\u00fade dele, porque, pela legisla\u00e7\u00e3o alem\u00e3, as informa\u00e7\u00f5es s\u00f3 podem ser repassadas com autoriza\u00e7\u00e3o do paciente. O jovem teve o rosto desfigurado pelos neonazistas.<\/p>\n<p>&nbsp;<\/p>\n<p>O ministro relata que a Embaixada do Brasil tomou conhecimento dos ataques xen\u00f3fobos nesta quarta-feira, 9 de agosto, por meio de um bilhete deixado na porta do \u00f3rg\u00e3o por uma pessoa de nome L\u00edvia. No bilhete, havia o contato da produtora do grupo na Europa, a alem\u00e3 Stefanie Rossa, que foi contactada imediatamente pelo Departamento Jur\u00eddico da Embaixada.<\/p>\n<p>&nbsp;<\/p>\n<p>Rossa informou que o grupo j\u00e1 havia deixado a Alemanha e n\u00e3o sabia qual o destino dos artistas. Ela informou, por\u00e9m, que um deles, Rafael, estava internado depois de ser atacado por neonazistas. Uma representante do Departamento Jur\u00eddico da Embaixada foi, ent\u00e3o, ao hospital e se certificou sobre o estado de sa\u00fade do jovem.<\/p>\n<p>&nbsp;<\/p>\n<p>Segundo o ministro, a Embaixada n\u00e3o conseguiu contato com nenhum dos artistas e nem foi procurada por ningu\u00e9m depois do bilhete. Mas est\u00e1 mantendo contato direto com a pol\u00edcia alem\u00e3 para saber os desdobramentos do caso.<\/p>\n<p>&nbsp;<\/p>\n<p>Os crimes de \u00f3dio na Alemanha aumentaram muito depois do forte crescimento no n\u00famero de refugiados no pa\u00eds. Os mais radicais n\u00e3o aceitam, sobretudo, os mu\u00e7ulmanos, mas saem agredindo todas as pessoas que consideram invasoras. Isso vale, inclusive, para turistas. O governo alem\u00e3o tem feito um trabalho de convencimento para mostrar que o pa\u00eds \u00e9 amig\u00e1vel a todos os visitantes.<\/p>\n<p>&nbsp;<\/p>\n<p><em>Bras\u00edlia, \u00a019h15min<\/em><\/p>\n<p>&nbsp;<\/p>\n<p>&nbsp;<\/p>\n","protected":false},"excerpt":{"rendered":"<p>A Pol\u00edcia de Berlim, na Alemanha, prendeu um dos neonazistas que atacaram um grupo de artistas de circo que havia se apresentado naquela cidade. Segundo o ministro Roberto Avelar, da embaixada do Brasil na capital alem\u00e3, a pol\u00edcia est\u00e1 tomando todas as provid\u00eancias para punir os respons\u00e1veis pelo crime de \u00f3dio. &nbsp; Avelar conta que [&hellip;]<\/p>\n","protected":false},"author":22,"featured_media":0,"comment_status":"open","ping_status":"closed","sticky":false,"template":"","format":"standard","meta":{"footnotes":""},"categories":[600],"tags":[2538,2535,2541,926,2543,2542],"class_list":["post-5640","post","type-post","status-publish","format-standard","hentry","category-economia","tag-alemanha","tag-artistas","tag-ataques","tag-brasilia","tag-circo","tag-neonazistas"],"_links":{"self":[{"href":"https:\/\/blogs.correiobraziliense.com.br\/vicente\/wp-json\/wp\/v2\/posts\/5640","targetHints":{"allow":["GET"]}}],"collection":[{"href":"https:\/\/blogs.correiobraziliense.com.br\/vicente\/wp-json\/wp\/v2\/posts"}],"about":[{"href":"https:\/\/blogs.correiobraziliense.com.br\/vicente\/wp-json\/wp\/v2\/types\/post"}],"author":[{"embeddable":true,"href":"https:\/\/blogs.correiobraziliense.com.br\/vicente\/wp-json\/wp\/v2\/users\/22"}],"replies":[{"embeddable":true,"href":"https:\/\/blogs.correiobraziliense.com.br\/vicente\/wp-json\/wp\/v2\/comments?post=5640"}],"version-history":[{"count":4,"href":"https:\/\/blogs.correiobraziliense.com.br\/vicente\/wp-json\/wp\/v2\/posts\/5640\/revisions"}],"predecessor-version":[{"id":5645,"href":"https:\/\/blogs.correiobraziliense.com.br\/vicente\/wp-json\/wp\/v2\/posts\/5640\/revisions\/5645"}],"wp:attachment":[{"href":"https:\/\/blogs.correiobraziliense.com.br\/vicente\/wp-json\/wp\/v2\/media?parent=5640"}],"wp:term":[{"taxonomy":"category","embeddable":true,"href":"https:\/\/blogs.correiobraziliense.com.br\/vicente\/wp-json\/wp\/v2\/categories?post=5640"},{"taxonomy":"post_tag","embeddable":true,"href":"https:\/\/blogs.correiobraziliense.com.br\/vicente\/wp-json\/wp\/v2\/tags?post=5640"}],"curies":[{"name":"wp","href":"https:\/\/api.w.org\/{rel}","templated":true}]}}