{"id":5601,"date":"2017-08-10T08:01:35","date_gmt":"2017-08-10T11:01:35","guid":{"rendered":"https:\/\/blogs.correiobraziliense.com.br\/vicente\/?p=5601"},"modified":"2017-08-10T11:04:54","modified_gmt":"2017-08-10T14:04:54","slug":"coluna-no-correio-o-governo-mete-os-pes-pelas-maos","status":"publish","type":"post","link":"https:\/\/blogs.correiobraziliense.com.br\/vicente\/coluna-no-correio-o-governo-mete-os-pes-pelas-maos\/","title":{"rendered":"Coluna no Correio: O governo mete os p\u00e9s pelas m\u00e3os"},"content":{"rendered":"<p>Se olharmos apenas pelos dados econ\u00f4micos, o governo de Michel Temer poderia estar surfando neste momento. Apesar da gravidade da crise pol\u00edtica que sacode o pa\u00eds, os indicadores que v\u00eam sendo divulgados apontam que, mesmo devagar, a atividade est\u00e1 saindo do atoleiro. O emprego formal registrou, em julho, o quarto m\u00eas seguido de saldo positivo, totalizando, no acumulado do ano, 103 mil vagas. A infla\u00e7\u00e3o medida pelo \u00cdndice de Pre\u00e7os ao Consumidor Amplo (IPCA) encerrou os 12 \u00faltimos meses em 2,71%, o n\u00edvel mais baixo desde 1999, inferior, inclusive, ao piso da meta, de 3%, definida pelo Conselho Monet\u00e1rio Nacional (CMN). A balan\u00e7a comercial bate recorde, inundando o pa\u00eds de d\u00f3lares, e a taxa b\u00e1sica de juros (Selic) deve cair mais um ponto percentual, para 8,25% ao ano.<\/p>\n<p>&nbsp;<\/p>\n<p>Nada disso, por\u00e9m, tem permitido a Temer um per\u00edodo de al\u00edvio. E a culpa \u00e9 do pr\u00f3prio governo, que vem criando situa\u00e7\u00f5es constrangedoras. A mais recente delas, a proposta de aumento das al\u00edquotas do Imposto de Renda, que foi enterrada em menos de 12 horas, depois de o presidente confirmar que o tema estava em pauta e, mais tarde, negar qualquer inten\u00e7\u00e3o em levar o assunto para o Congresso. Temer, que j\u00e1 tem a imagem de um presidente fraco, mostra, com esses recuos, como se rendeu ao fisiologismo e se tornou ref\u00e9m de partidos descompromissados com o interesse nacional e afeitos \u00e0 corrup\u00e7\u00e3o. Esse quadro se agravou depois de 17 de maio, quando foi revelado o encontro noturno nos por\u00f5es do Pal\u00e1cio do Jaburu entre o presidente e o empres\u00e1rio Joesley Batista, dono do grupo JBS.<\/p>\n<p>&nbsp;<\/p>\n<p>N\u00e3o \u00e9 s\u00f3. O governo n\u00e3o foi capaz de cumprir a promessa de arrumar as contas p\u00fablicas. Como bem define o presidente do PMDB, senador Romero Juc\u00e1, a equipe econ\u00f4mica preferiu contar \u201ccom vento\u201d para fazer o ajuste fiscal, ou seja, ficou dependente de receitas extraordin\u00e1rias em vez de assumir o tamanho do desastre das finan\u00e7as federais. Agora, com a realidade batendo \u00e0s portas e a arrecada\u00e7\u00e3o de tributos no ch\u00e3o, o time comandado pelo ministro da Fazenda, Henrique Meirelles, fica correndo atr\u00e1s de medidas mirabolantes, que s\u00f3 ampliam o desgaste de Temer.<\/p>\n<p>&nbsp;<\/p>\n<p>\u201cEra para estarmos comemorando todos os indicadores positivos da economia. Mas, em vez disso, temos que ficar dando explica\u00e7\u00f5es sobre o inexplic\u00e1vel\u201d, diz um ministro da ala pol\u00edtica. \u201cOntem, por exemplo, era para amplificarmos os dados positivos da infla\u00e7\u00e3o e do emprego. Mas todo mundo s\u00f3 queria saber do encontro fora da agenda entre o presidente e Raquel Dodge, que assumir\u00e1 o comando da Procuradoria-Geral da Rep\u00fablica em setembro\u201d, acrescenta. Temer tamb\u00e9m teve que usar suas apari\u00e7\u00f5es p\u00fablicas para negar, mais uma vez, a inten\u00e7\u00e3o de elevar as al\u00edquotas do IR.<\/p>\n<p>&nbsp;<\/p>\n<p><strong>Loucuras<\/strong><\/p>\n<p>&nbsp;<\/p>\n<p>Com a perspectiva de mudan\u00e7a nas metas fiscais deste ano e de 2018, de deficits de R$ 139 bilh\u00f5es e R$ 129 bilh\u00f5es, respectivamente, ser\u00e1 dif\u00edcil para o presidente sair das armadilhas que criou e, enfim, tirar proveito dos bons indicadores da economia. Pior: diante de tanta confus\u00e3o, o governo s\u00f3 contribuir\u00e1 para alimentar as incertezas que tornam mais lenta a recupera\u00e7\u00e3o da atividade produtiva. H\u00e1 um desejo do empresariado de tentar descolar a economia da pol\u00edtica, mas, quando a engrenagem come\u00e7a a se movimentar, Bras\u00edlia trata de soltar um petardo para manter a desconfian\u00e7a no horizonte.<\/p>\n<p>&nbsp;<\/p>\n<p>\u201cN\u00e3o h\u00e1 d\u00favidas de que a import\u00e2ncia do governo ficou menor para os agentes econ\u00f4micos. \u00c9 por isso que estamos come\u00e7ando a ver n\u00fameros favor\u00e1veis no mercado de trabalho. Mas \u00e9 ilus\u00e3o acreditar que as decis\u00f5es do Planalto s\u00e3o irrelevantes. N\u00e3o s\u00e3o. Veja, por exemplo, a gula por aumento de impostos. Quem pensa em investir bota o p\u00e9 no freio, temendo ver o neg\u00f3cio prejudicado\u201d, afirma um importante empres\u00e1rio. Ele, inclusive, acredita que, se n\u00e3o houver nenhuma loucura do governo nos pr\u00f3ximos meses, o pa\u00eds poder\u00e1 fechar o ano com crescimento maior do que o esperado.<\/p>\n<p>&nbsp;<\/p>\n<p>O empres\u00e1rio conta que a percep\u00e7\u00e3o de melhora da economia est\u00e1 come\u00e7ando a se disseminar. Um banco estrangeiro, do qual \u00e9 cliente, revisou a previs\u00e3o de crescimento do Brasil para este ano de 0,3% para 0,8%. Em 2018, segundo a mesma institui\u00e7\u00e3o, o Produto Interno Bruto (PIB) poder\u00e1 ter avan\u00e7o de at\u00e9 2,2%. Nesse cen\u00e1rio, est\u00e3o embutidas quest\u00f5es pol\u00edticas, como a sa\u00edda do ex-presidente Lula do p\u00e1reo das elei\u00e7\u00f5es de 2018 por decis\u00e3o da Justi\u00e7a e uma Procuradoria-Geral da Rep\u00fablica mais amig\u00e1vel a Temer. Tudo isso, por enquanto, s\u00e3o conjecturas. O que \u00e9 certo \u00e9 a incapacidade do governo de surfar na onda da economia.<\/p>\n","protected":false},"excerpt":{"rendered":"<p>Se olharmos apenas pelos dados econ\u00f4micos, o governo de Michel Temer poderia estar surfando neste momento. Apesar da gravidade da crise pol\u00edtica que sacode o pa\u00eds, os indicadores que v\u00eam sendo divulgados apontam que, mesmo devagar, a atividade est\u00e1 saindo do atoleiro. O emprego formal registrou, em julho, o quarto m\u00eas seguido de saldo positivo, [&hellip;]<\/p>\n","protected":false},"author":22,"featured_media":0,"comment_status":"open","ping_status":"closed","sticky":false,"template":"","format":"standard","meta":{"footnotes":""},"categories":[600],"tags":[2433,2431,2478,2432,518,2405,528,125],"class_list":["post-5601","post","type-post","status-publish","format-standard","hentry","category-economia","tag-fiscal","tag-henrique","tag-imposto","tag-meirelles","tag-meta","tag-michel","tag-renda","tag-temer"],"_links":{"self":[{"href":"https:\/\/blogs.correiobraziliense.com.br\/vicente\/wp-json\/wp\/v2\/posts\/5601","targetHints":{"allow":["GET"]}}],"collection":[{"href":"https:\/\/blogs.correiobraziliense.com.br\/vicente\/wp-json\/wp\/v2\/posts"}],"about":[{"href":"https:\/\/blogs.correiobraziliense.com.br\/vicente\/wp-json\/wp\/v2\/types\/post"}],"author":[{"embeddable":true,"href":"https:\/\/blogs.correiobraziliense.com.br\/vicente\/wp-json\/wp\/v2\/users\/22"}],"replies":[{"embeddable":true,"href":"https:\/\/blogs.correiobraziliense.com.br\/vicente\/wp-json\/wp\/v2\/comments?post=5601"}],"version-history":[{"count":1,"href":"https:\/\/blogs.correiobraziliense.com.br\/vicente\/wp-json\/wp\/v2\/posts\/5601\/revisions"}],"predecessor-version":[{"id":5602,"href":"https:\/\/blogs.correiobraziliense.com.br\/vicente\/wp-json\/wp\/v2\/posts\/5601\/revisions\/5602"}],"wp:attachment":[{"href":"https:\/\/blogs.correiobraziliense.com.br\/vicente\/wp-json\/wp\/v2\/media?parent=5601"}],"wp:term":[{"taxonomy":"category","embeddable":true,"href":"https:\/\/blogs.correiobraziliense.com.br\/vicente\/wp-json\/wp\/v2\/categories?post=5601"},{"taxonomy":"post_tag","embeddable":true,"href":"https:\/\/blogs.correiobraziliense.com.br\/vicente\/wp-json\/wp\/v2\/tags?post=5601"}],"curies":[{"name":"wp","href":"https:\/\/api.w.org\/{rel}","templated":true}]}}