{"id":5596,"date":"2017-08-09T15:52:30","date_gmt":"2017-08-09T18:52:30","guid":{"rendered":"https:\/\/blogs.correiobraziliense.com.br\/vicente\/?p=5596"},"modified":"2017-08-09T16:00:20","modified_gmt":"2017-08-09T19:00:20","slug":"analise-o-desgaste-desnecessario-de-dodge","status":"publish","type":"post","link":"https:\/\/blogs.correiobraziliense.com.br\/vicente\/analise-o-desgaste-desnecessario-de-dodge\/","title":{"rendered":"An\u00e1lise: O desgaste desnecess\u00e1rio de Dodge"},"content":{"rendered":"<h2>LEONARDO CAVALCANTI<\/h2>\n<h2><\/h2>\n<h2>Interlocutores da nova procuradora-geral da Rep\u00fablica, Raquel Dodge, admitem o mal-estar com a visita noturna ao Pal\u00e1cio do Jaburu, mas desconfiam que ela caiu numa armadilha ao concordar em encontrar o presidente Michel Temer \u00e0s 22h da quarta-feira. A inten\u00e7\u00e3o de Dodge, segundo integrantes do Minist\u00e9rio P\u00fablico, seria apenas confirmar a posse, pois Rodrigo Janot deixa o cargo em 17 de setembro, um domingo &#8212; e ela queria assumir o posto ainda na segunda-feira, 18. O problema \u00e9 que o peemedebista viajar\u00e1 aos Estados Unidos naquele dia, o que deixaria a agenda apertada.<\/h2>\n<p>&nbsp;<\/p>\n<p>Em entrevista ao rep\u00f3rter <strong>Renato Souza<\/strong>, deste <strong>Correio<\/strong>, a pr\u00f3pria Raquel Dodge disse que havia pedido a reuni\u00e3o anteriormente e que o Planalto s\u00f3 confirmou o encontro na noite de ontem, depois de protocolado o pedido de suspei\u00e7\u00e3o contra o procurador Rodrigo Janot nos processos envolvendo o presidente. &#8220;Essa reuni\u00e3o foi pedida na semana passada. Ela apenas queria saber se poderia dar in\u00edcio \u00e0s organiza\u00e7\u00f5es para a posse, se o presidente iria ou mandaria como representante o ministro da Justi\u00e7a, por exemplo. \u00c9 claro que ficou surpresa com a reuni\u00e3o marcada aquela hora.&#8221;<\/p>\n<p>&nbsp;<\/p>\n<p>Segundo os interlocutores, o epis\u00f3dio apenas desgasta Dodge, pega de surpresa com a repercuss\u00e3o. E chegam mesmo a duvidar da &#8220;desaten\u00e7\u00e3o&#8221; do Planalto ao cham\u00e1-la \u00e0s pressas para o encontro noturno. &#8220;Mesmo sabendo que poderia ser uma armadilha, como n\u00e3o dizer &#8216;n\u00e3o vou'&#8221;?<\/p>\n<p>&nbsp;<\/p>\n","protected":false},"excerpt":{"rendered":"<p>LEONARDO CAVALCANTI Interlocutores da nova procuradora-geral da Rep\u00fablica, Raquel Dodge, admitem o mal-estar com a visita noturna ao Pal\u00e1cio do Jaburu, mas desconfiam que ela caiu numa armadilha ao concordar em encontrar o presidente Michel Temer \u00e0s 22h da quarta-feira. A inten\u00e7\u00e3o de Dodge, segundo integrantes do Minist\u00e9rio P\u00fablico, seria apenas confirmar a posse, pois [&hellip;]<\/p>\n","protected":false},"author":22,"featured_media":0,"comment_status":"open","ping_status":"closed","sticky":false,"template":"","format":"standard","meta":{"footnotes":""},"categories":[600],"tags":[2458,2528,2530,2405,2529,2457,125],"class_list":["post-5596","post","type-post","status-publish","format-standard","hentry","category-economia","tag-dodge","tag-encontro","tag-jaburu","tag-michel","tag-palacio","tag-raquel","tag-temer"],"_links":{"self":[{"href":"https:\/\/blogs.correiobraziliense.com.br\/vicente\/wp-json\/wp\/v2\/posts\/5596","targetHints":{"allow":["GET"]}}],"collection":[{"href":"https:\/\/blogs.correiobraziliense.com.br\/vicente\/wp-json\/wp\/v2\/posts"}],"about":[{"href":"https:\/\/blogs.correiobraziliense.com.br\/vicente\/wp-json\/wp\/v2\/types\/post"}],"author":[{"embeddable":true,"href":"https:\/\/blogs.correiobraziliense.com.br\/vicente\/wp-json\/wp\/v2\/users\/22"}],"replies":[{"embeddable":true,"href":"https:\/\/blogs.correiobraziliense.com.br\/vicente\/wp-json\/wp\/v2\/comments?post=5596"}],"version-history":[{"count":1,"href":"https:\/\/blogs.correiobraziliense.com.br\/vicente\/wp-json\/wp\/v2\/posts\/5596\/revisions"}],"predecessor-version":[{"id":5597,"href":"https:\/\/blogs.correiobraziliense.com.br\/vicente\/wp-json\/wp\/v2\/posts\/5596\/revisions\/5597"}],"wp:attachment":[{"href":"https:\/\/blogs.correiobraziliense.com.br\/vicente\/wp-json\/wp\/v2\/media?parent=5596"}],"wp:term":[{"taxonomy":"category","embeddable":true,"href":"https:\/\/blogs.correiobraziliense.com.br\/vicente\/wp-json\/wp\/v2\/categories?post=5596"},{"taxonomy":"post_tag","embeddable":true,"href":"https:\/\/blogs.correiobraziliense.com.br\/vicente\/wp-json\/wp\/v2\/tags?post=5596"}],"curies":[{"name":"wp","href":"https:\/\/api.w.org\/{rel}","templated":true}]}}