{"id":5591,"date":"2017-08-09T15:27:37","date_gmt":"2017-08-09T18:27:37","guid":{"rendered":"https:\/\/blogs.correiobraziliense.com.br\/vicente\/?p=5591"},"modified":"2017-08-09T19:39:17","modified_gmt":"2017-08-09T22:39:17","slug":"brasil-criou-359-mil-empregos-formais-em-julho","status":"publish","type":"post","link":"https:\/\/blogs.correiobraziliense.com.br\/vicente\/brasil-criou-359-mil-empregos-formais-em-julho\/","title":{"rendered":"Brasil criou 35,9 mil empregos formais em julho"},"content":{"rendered":"<h2>O governo est\u00e1 batendo os tambores. Pelo quarto m\u00eas seguido, o pa\u00eds criou empregos com carteira assinada. Pelos dados do Cadastro Geral de Empregados e Desempregados (Caged), as vagas abertas superaram em R$ 35,9 mil os postos fechados em julho. No acumulado do ano, 103.258 vagas foram acrescentadas ao mercado.<\/h2>\n<p>&nbsp;<\/p>\n<p>A melhor not\u00edcia \u00e9 que a maior parte dos empregos foi criada pela ind\u00fastria de transforma\u00e7\u00e3o, que costuma pagar os melhores sal\u00e1rios. Nesse segmento, as contrata\u00e7\u00f5es superaram as demiss\u00f5es em 12.594 vagas. Outro bom desempenho foi registrado no com\u00e9rcio, com saldo positivo de 10.156 postos.<\/p>\n<p>&nbsp;<\/p>\n<p>Mas foi a constru\u00e7\u00e3o civil que chamou a aten\u00e7\u00e3o dos especialistas. Mesmo com saldo positivo de 724 vagas em julho, rompeu uma sequ\u00eancia de 33 meses de fechamento de vagas. Pode ser um sinal de que o setor, fundamental para o crescimento da economia, est\u00e1 saindo do fundo do po\u00e7o.<\/p>\n<p>&nbsp;<\/p>\n<p>Por regi\u00e3o, a abertura de empregos com carteira assinada foi liderada pelo Centro-Oeste, com 12.211 postos, seguida pelo Sudeste, com 11.769. O governo acredita que, mesmo com a economia ainda engatinhando rumo \u00e0 recupera\u00e7\u00e3o mais efetiva o mercado de emprego parou de piorar e a tend\u00eancia \u00e9 de continuar dando boas not\u00edcias.<\/p>\n<p>&nbsp;<\/p>\n<p>&nbsp;<\/p>\n","protected":false},"excerpt":{"rendered":"<p>O governo est\u00e1 batendo os tambores. Pelo quarto m\u00eas seguido, o pa\u00eds criou empregos com carteira assinada. Pelos dados do Cadastro Geral de Empregados e Desempregados (Caged), as vagas abertas superaram em R$ 35,9 mil os postos fechados em julho. No acumulado do ano, 103.258 vagas foram acrescentadas ao mercado. &nbsp; A melhor not\u00edcia \u00e9 [&hellip;]<\/p>\n","protected":false},"author":22,"featured_media":0,"comment_status":"open","ping_status":"closed","sticky":false,"template":"","format":"standard","meta":{"footnotes":""},"categories":[600],"tags":[],"class_list":["post-5591","post","type-post","status-publish","format-standard","hentry","category-economia"],"_links":{"self":[{"href":"https:\/\/blogs.correiobraziliense.com.br\/vicente\/wp-json\/wp\/v2\/posts\/5591","targetHints":{"allow":["GET"]}}],"collection":[{"href":"https:\/\/blogs.correiobraziliense.com.br\/vicente\/wp-json\/wp\/v2\/posts"}],"about":[{"href":"https:\/\/blogs.correiobraziliense.com.br\/vicente\/wp-json\/wp\/v2\/types\/post"}],"author":[{"embeddable":true,"href":"https:\/\/blogs.correiobraziliense.com.br\/vicente\/wp-json\/wp\/v2\/users\/22"}],"replies":[{"embeddable":true,"href":"https:\/\/blogs.correiobraziliense.com.br\/vicente\/wp-json\/wp\/v2\/comments?post=5591"}],"version-history":[{"count":5,"href":"https:\/\/blogs.correiobraziliense.com.br\/vicente\/wp-json\/wp\/v2\/posts\/5591\/revisions"}],"predecessor-version":[{"id":5600,"href":"https:\/\/blogs.correiobraziliense.com.br\/vicente\/wp-json\/wp\/v2\/posts\/5591\/revisions\/5600"}],"wp:attachment":[{"href":"https:\/\/blogs.correiobraziliense.com.br\/vicente\/wp-json\/wp\/v2\/media?parent=5591"}],"wp:term":[{"taxonomy":"category","embeddable":true,"href":"https:\/\/blogs.correiobraziliense.com.br\/vicente\/wp-json\/wp\/v2\/categories?post=5591"},{"taxonomy":"post_tag","embeddable":true,"href":"https:\/\/blogs.correiobraziliense.com.br\/vicente\/wp-json\/wp\/v2\/tags?post=5591"}],"curies":[{"name":"wp","href":"https:\/\/api.w.org\/{rel}","templated":true}]}}