{"id":5587,"date":"2017-08-09T14:01:19","date_gmt":"2017-08-09T17:01:19","guid":{"rendered":"https:\/\/blogs.correiobraziliense.com.br\/vicente\/?p=5587"},"modified":"2017-08-09T15:19:00","modified_gmt":"2017-08-09T18:19:00","slug":"trabalhadores-do-df-recolhem-26-de-todo-o-ir-pago-no-pais","status":"publish","type":"post","link":"https:\/\/blogs.correiobraziliense.com.br\/vicente\/trabalhadores-do-df-recolhem-26-de-todo-o-ir-pago-no-pais\/","title":{"rendered":"Trabalhadores do DF recolhem 26% de todo o IR pago no pa\u00eds"},"content":{"rendered":"<h2>De cada R$ 100 pagos em Imposto de Renda em todo o pa\u00eds, R$ 26 saem dos contracheques de trabalhadores do Distrito Federal. Essa rela\u00e7\u00e3o s\u00f3 \u00e9 menor do que em S\u00e3o Paulo, segundo dados da Receita Federal. A capital do pa\u00eds tem, no entanto, um grande diferencial: mesmo tendo um n\u00famero pequeno de trabalhadores em rela\u00e7\u00e3o aos maiores centros urbanos, os sal\u00e1rios s\u00e3o muito elevados, devido, sobretudo, ao servi\u00e7o p\u00fablico.<\/h2>\n<p>&nbsp;<\/p>\n<p>Isso quer dizer, nas palavras de um t\u00e9cnico da Receita, que os sal\u00e1rios pagos aos servidores s\u00e3o t\u00e3o altos quando comparados \u00e0 m\u00e9dia dos rendimentos dos trabalhadores de outros estados, que acabam compensando o n\u00famero menor de contribuintes. Pode-se dizer, que o sal\u00e1rio m\u00e9dio de Bras\u00edlia \u00e9 pelo menos cinco vezes maior que a m\u00e9dia nacional.<\/p>\n<p>&nbsp;<\/p>\n<p>Com isso, afirma o mesmo t\u00e9cnico da Receita, se o governo levasse adiante a proposta de aumento das al\u00edquotas do Imposto de Renda, os trabalhadores de Bras\u00edlia seriam os principais atingidos em termos proporcionais. Boa parte dos sal\u00e1rios pagos no servi\u00e7o p\u00fablico est\u00e1 acima de R$ 20 mil, sobre os quais incidiria a al\u00edquota de at\u00e9 35%.<\/p>\n<p>&nbsp;<\/p>\n<p>&#8220;A massa salarial em Bras\u00edlia \u00e9 muito elevada. Por isso, o volume recolhido em Imposto de Renda \u00e9 t\u00e3o alto, s\u00f3 pr\u00f3ximo ao de S\u00e3o Paulo&#8221;, assinala o t\u00e9cnico da Receita. Pelos c\u00e1lculos do Fisco, entre janeiro e junho deste ano, os trabalhadores do DF recolheram R$ 14,7 bilh\u00f5es em IR, uma m\u00e9dia de R$ 81,3 milh\u00f5es por dia, incluindo s\u00e1bados, domingos e feriados. \u00c9 muito.<\/p>\n<p>&nbsp;<\/p>\n<p>No total, os trabalhadores de todo o pa\u00eds recolheram, nos seis primeiros meses do ano, R$ 56,2 bilh\u00f5es em Imposto de Renda, uma m\u00e9dia di\u00e1ria de R$ 310,6 milh\u00f5es. O governo, por\u00e9m, acha isso pouco. Com a proposta de eleva\u00e7\u00e3o da al\u00edquota do IR para at\u00e9 35% a partir de 2018, a equipe econ\u00f4mica pretendia arrecadar mais R$ 4 bilh\u00f5es para evitar um deficit maior nas contas p\u00fablicas.<\/p>\n<p>&nbsp;<\/p>\n<p>Diante da gritaria contr\u00e1ria, o presidente Michel Temer acabou recuando. Mas a equipe chefiada pelo ministro da Fazenda, Henrique Meirelles, est\u00e1 trabalhando firme para que outros tributos subam. O rombo previsto nas contas p\u00fablicas deste ano \u00e9 de at\u00e9 R$ 139 bilh\u00f5es. Para 2018, o buraco estimado \u00e9 de at\u00e9 R$ 129 bilh\u00f5es.<\/p>\n<p>&nbsp;<\/p>\n<p><em>Bras\u00edlia, 14h01min<\/em><\/p>\n","protected":false},"excerpt":{"rendered":"<p>De cada R$ 100 pagos em Imposto de Renda em todo o pa\u00eds, R$ 26 saem dos contracheques de trabalhadores do Distrito Federal. Essa rela\u00e7\u00e3o s\u00f3 \u00e9 menor do que em S\u00e3o Paulo, segundo dados da Receita Federal. A capital do pa\u00eds tem, no entanto, um grande diferencial: mesmo tendo um n\u00famero pequeno de trabalhadores [&hellip;]<\/p>\n","protected":false},"author":22,"featured_media":0,"comment_status":"open","ping_status":"closed","sticky":false,"template":"","format":"standard","meta":{"footnotes":""},"categories":[600],"tags":[755,2478,2405,528,123,125],"class_list":["post-5587","post","type-post","status-publish","format-standard","hentry","category-economia","tag-distrito-federal","tag-imposto","tag-michel","tag-renda","tag-servidores","tag-temer"],"_links":{"self":[{"href":"https:\/\/blogs.correiobraziliense.com.br\/vicente\/wp-json\/wp\/v2\/posts\/5587","targetHints":{"allow":["GET"]}}],"collection":[{"href":"https:\/\/blogs.correiobraziliense.com.br\/vicente\/wp-json\/wp\/v2\/posts"}],"about":[{"href":"https:\/\/blogs.correiobraziliense.com.br\/vicente\/wp-json\/wp\/v2\/types\/post"}],"author":[{"embeddable":true,"href":"https:\/\/blogs.correiobraziliense.com.br\/vicente\/wp-json\/wp\/v2\/users\/22"}],"replies":[{"embeddable":true,"href":"https:\/\/blogs.correiobraziliense.com.br\/vicente\/wp-json\/wp\/v2\/comments?post=5587"}],"version-history":[{"count":3,"href":"https:\/\/blogs.correiobraziliense.com.br\/vicente\/wp-json\/wp\/v2\/posts\/5587\/revisions"}],"predecessor-version":[{"id":5590,"href":"https:\/\/blogs.correiobraziliense.com.br\/vicente\/wp-json\/wp\/v2\/posts\/5587\/revisions\/5590"}],"wp:attachment":[{"href":"https:\/\/blogs.correiobraziliense.com.br\/vicente\/wp-json\/wp\/v2\/media?parent=5587"}],"wp:term":[{"taxonomy":"category","embeddable":true,"href":"https:\/\/blogs.correiobraziliense.com.br\/vicente\/wp-json\/wp\/v2\/categories?post=5587"},{"taxonomy":"post_tag","embeddable":true,"href":"https:\/\/blogs.correiobraziliense.com.br\/vicente\/wp-json\/wp\/v2\/tags?post=5587"}],"curies":[{"name":"wp","href":"https:\/\/api.w.org\/{rel}","templated":true}]}}