{"id":5583,"date":"2017-08-09T11:01:27","date_gmt":"2017-08-09T14:01:27","guid":{"rendered":"https:\/\/blogs.correiobraziliense.com.br\/vicente\/?p=5583"},"modified":"2017-08-09T11:40:02","modified_gmt":"2017-08-09T14:40:02","slug":"fgts-vai-acrescentar-061-ponto-no-pib-de-2017","status":"publish","type":"post","link":"https:\/\/blogs.correiobraziliense.com.br\/vicente\/fgts-vai-acrescentar-061-ponto-no-pib-de-2017\/","title":{"rendered":"FGTS vai acrescentar 0,61 ponto no PIB de 2017"},"content":{"rendered":"<h2>HAMILTON FERRARI<\/h2>\n<p>O saque das contas inativas do Fundo de Garantia do Tempo de Servi\u00e7o (FGTS) ter\u00e1 impacto de 0,61 ponto percentual no Produto Interno Bruto (PIB) em 2017, segundo estudo do Minist\u00e9rio do Planejamento, Desenvolvimento e Gest\u00e3o. Na pr\u00e1tica, o montante liberado para os trabalhadores deve evitar que o pa\u00eds tenha um terceiro ano recessivo consecutivo.<\/p>\n<p>&nbsp;<\/p>\n<p>A expectativa do mercado \u00e9 que a economia brasileira cres\u00e7a 0,34% em 2017. O governo tem uma aposta mais otimista, de expans\u00e3o de 0,5%. Independente do resultado, o impacto do FGTS ser\u00e1 fundamental para tirar o pa\u00eds do negativo.<\/p>\n<p>&nbsp;<\/p>\n<p>Levando em conta as proje\u00e7\u00f5es dos analistas, o PIB teria retra\u00e7\u00e3o de 0,27% tirando o efeito dos saques, o que evita que o pa\u00eds amargure mais um ano recuo da economia, depois de cair 3,8%, em 2015, e 3,6% em 2016.<\/p>\n<p>&nbsp;<\/p>\n<p>O volume retirado das contas inativas superou as expectativas inicias do governo. Foram sacados R$ 44 bilh\u00f5es, que equivale a 88% do total. Cerca de 26 milh\u00f5es de trabalhadores foram beneficiados.<\/p>\n<p>&nbsp;<\/p>\n<p>O levantamento da pasta tamb\u00e9m observou que houve redu\u00e7\u00e3o da inadimpl\u00eancia, no endividamento e do comprometimento da renda do trabalhador desde o in\u00edcio dos resgates. O Planejamento tamb\u00e9m verificou que houve aumento de confian\u00e7a e do com\u00e9rcio.<\/p>\n","protected":false},"excerpt":{"rendered":"<p>HAMILTON FERRARI O saque das contas inativas do Fundo de Garantia do Tempo de Servi\u00e7o (FGTS) ter\u00e1 impacto de 0,61 ponto percentual no Produto Interno Bruto (PIB) em 2017, segundo estudo do Minist\u00e9rio do Planejamento, Desenvolvimento e Gest\u00e3o. Na pr\u00e1tica, o montante liberado para os trabalhadores deve evitar que o pa\u00eds tenha um terceiro ano [&hellip;]<\/p>\n","protected":false},"author":22,"featured_media":0,"comment_status":"open","ping_status":"closed","sticky":false,"template":"","format":"standard","meta":{"footnotes":""},"categories":[600],"tags":[],"class_list":["post-5583","post","type-post","status-publish","format-standard","hentry","category-economia"],"_links":{"self":[{"href":"https:\/\/blogs.correiobraziliense.com.br\/vicente\/wp-json\/wp\/v2\/posts\/5583","targetHints":{"allow":["GET"]}}],"collection":[{"href":"https:\/\/blogs.correiobraziliense.com.br\/vicente\/wp-json\/wp\/v2\/posts"}],"about":[{"href":"https:\/\/blogs.correiobraziliense.com.br\/vicente\/wp-json\/wp\/v2\/types\/post"}],"author":[{"embeddable":true,"href":"https:\/\/blogs.correiobraziliense.com.br\/vicente\/wp-json\/wp\/v2\/users\/22"}],"replies":[{"embeddable":true,"href":"https:\/\/blogs.correiobraziliense.com.br\/vicente\/wp-json\/wp\/v2\/comments?post=5583"}],"version-history":[{"count":3,"href":"https:\/\/blogs.correiobraziliense.com.br\/vicente\/wp-json\/wp\/v2\/posts\/5583\/revisions"}],"predecessor-version":[{"id":5586,"href":"https:\/\/blogs.correiobraziliense.com.br\/vicente\/wp-json\/wp\/v2\/posts\/5583\/revisions\/5586"}],"wp:attachment":[{"href":"https:\/\/blogs.correiobraziliense.com.br\/vicente\/wp-json\/wp\/v2\/media?parent=5583"}],"wp:term":[{"taxonomy":"category","embeddable":true,"href":"https:\/\/blogs.correiobraziliense.com.br\/vicente\/wp-json\/wp\/v2\/categories?post=5583"},{"taxonomy":"post_tag","embeddable":true,"href":"https:\/\/blogs.correiobraziliense.com.br\/vicente\/wp-json\/wp\/v2\/tags?post=5583"}],"curies":[{"name":"wp","href":"https:\/\/api.w.org\/{rel}","templated":true}]}}