{"id":5581,"date":"2017-08-09T08:04:01","date_gmt":"2017-08-09T11:04:01","guid":{"rendered":"https:\/\/blogs.correiobraziliense.com.br\/vicente\/?p=5581"},"modified":"2017-08-09T11:31:27","modified_gmt":"2017-08-09T14:31:27","slug":"trabalhadores-pagaram-r-310-milhoes-por-dia-em-ir-neste-ano","status":"publish","type":"post","link":"https:\/\/blogs.correiobraziliense.com.br\/vicente\/trabalhadores-pagaram-r-310-milhoes-por-dia-em-ir-neste-ano\/","title":{"rendered":"Trabalhadores pagaram R$ 310,6 milh\u00f5es por dia em IR neste ano"},"content":{"rendered":"<h2>N\u00e3o foi \u00e0 toa a gritaria contra o governo, que cogitou aumentar o Imposto de Renda sobre os contracheques dos trabalhados. Entre janeiro e junho deste ano, os brasileiros que t\u00eam emprego formal recolheram R$ 56,223 bilh\u00f5es aos cofres da Receita Federal. Isso deu uma m\u00e9dia de R$ 310,6 milh\u00f5es por dia, incluindo s\u00e1bados, domingos e feriados. Mantido esse ritmo, o IR sobre a renda do trabalho sugar\u00e1 R$ 112,5 bilh\u00f5es em 2017. Um recorde.<\/h2>\n<p>&nbsp;<\/p>\n<p>A gula do governo por impostos \u00e9 enorme. Como n\u00e3o consegue conter os gastos p\u00fablicos, recorre sempre ao caminho mais f\u00e1cil: obrigar que a popula\u00e7\u00e3o cubra os rombos no or\u00e7amento. Recentemente, a equipe econ\u00f4mica aumentou o PIS e a Cofins sobre os combust\u00edveis com o intuito de embolsar R$ 10 bilh\u00f5es. Mas o buraco nas contas p\u00fablicas \u00e9 t\u00e3o grande, que nem isso ser\u00e1 suficiente para evitar que o deficit deste ano seja maior do que os R$ 139 bilh\u00f5es previstos.<\/p>\n<p>&nbsp;<\/p>\n<p>Nos \u00faltimos 10 anos, segundo dados da Receita, o IR incidente nos contracheques dos trabalhadores totalizou R$ 769,2 bilh\u00f5es. Entre 2007 e 2016, os impostos pagos anualmente sobre a renda do trabalho mais que dobraram. A m\u00e1quina arrecadadora da Receita \u00e9 t\u00e3o eficiente, que nem o desemprego afetou tanto as receitas com o IR. Em 2015, somaram R$ 103,4 bilh\u00f5es. No ano passado, foram R$ 101,7 bilh\u00f5es.<\/p>\n<p>&nbsp;<\/p>\n<p>O presidente Michel Temer, depois de admitir o aumento do IR, disse que a proposta foi enterrada. Mas \u00e9 bom ficar atento, pois o desejo por mais tributos est\u00e1 latente entre os integrantes da equipe econ\u00f4mica, que n\u00e3o conseguiram cumprir a promessa de colocar as contas p\u00fablicas em ordem. Sem aumento de impostos, o ministro da Fazenda, Henrique Meirelles, ter\u00e1 que anunciar, nos pr\u00f3ximos dias, mudan\u00e7as nas metas fiscais deste ano e de 2018.<\/p>\n<p>&nbsp;<\/p>\n<p>A gastan\u00e7a est\u00e1 enorme, tanto que os R$ 4 bilh\u00f5es que o governo pretendia arrecadar com a eleva\u00e7\u00e3o do IR seria insuficiente para cobrir sequer os R$ 6 bilh\u00f5es liberados em emendas parlamentares, negociadas em troca de apoio a Temer na C\u00e2mara dos Deputados.<\/p>\n","protected":false},"excerpt":{"rendered":"<p>N\u00e3o foi \u00e0 toa a gritaria contra o governo, que cogitou aumentar o Imposto de Renda sobre os contracheques dos trabalhados. Entre janeiro e junho deste ano, os brasileiros que t\u00eam emprego formal recolheram R$ 56,223 bilh\u00f5es aos cofres da Receita Federal. Isso deu uma m\u00e9dia de R$ 310,6 milh\u00f5es por dia, incluindo s\u00e1bados, domingos [&hellip;]<\/p>\n","protected":false},"author":22,"featured_media":0,"comment_status":"open","ping_status":"closed","sticky":false,"template":"","format":"standard","meta":{"footnotes":""},"categories":[600],"tags":[],"class_list":["post-5581","post","type-post","status-publish","format-standard","hentry","category-economia"],"_links":{"self":[{"href":"https:\/\/blogs.correiobraziliense.com.br\/vicente\/wp-json\/wp\/v2\/posts\/5581","targetHints":{"allow":["GET"]}}],"collection":[{"href":"https:\/\/blogs.correiobraziliense.com.br\/vicente\/wp-json\/wp\/v2\/posts"}],"about":[{"href":"https:\/\/blogs.correiobraziliense.com.br\/vicente\/wp-json\/wp\/v2\/types\/post"}],"author":[{"embeddable":true,"href":"https:\/\/blogs.correiobraziliense.com.br\/vicente\/wp-json\/wp\/v2\/users\/22"}],"replies":[{"embeddable":true,"href":"https:\/\/blogs.correiobraziliense.com.br\/vicente\/wp-json\/wp\/v2\/comments?post=5581"}],"version-history":[{"count":1,"href":"https:\/\/blogs.correiobraziliense.com.br\/vicente\/wp-json\/wp\/v2\/posts\/5581\/revisions"}],"predecessor-version":[{"id":5582,"href":"https:\/\/blogs.correiobraziliense.com.br\/vicente\/wp-json\/wp\/v2\/posts\/5581\/revisions\/5582"}],"wp:attachment":[{"href":"https:\/\/blogs.correiobraziliense.com.br\/vicente\/wp-json\/wp\/v2\/media?parent=5581"}],"wp:term":[{"taxonomy":"category","embeddable":true,"href":"https:\/\/blogs.correiobraziliense.com.br\/vicente\/wp-json\/wp\/v2\/categories?post=5581"},{"taxonomy":"post_tag","embeddable":true,"href":"https:\/\/blogs.correiobraziliense.com.br\/vicente\/wp-json\/wp\/v2\/tags?post=5581"}],"curies":[{"name":"wp","href":"https:\/\/api.w.org\/{rel}","templated":true}]}}